{"id":78487,"date":"2026-03-15T10:55:53","date_gmt":"2026-03-15T09:55:53","guid":{"rendered":"https:\/\/www.carpinteria-aluminio.cat\/?p=78487"},"modified":"2026-03-15T10:55:54","modified_gmt":"2026-03-15T09:55:54","slug":"finestra-oscillo-batent-duna-fulla-amb-vidre-climalit-4-16-gas-argo-4-carglass-new-plus-planitherm-4s-de-la-serie-alg-65-optima","status":"publish","type":"post","link":"https:\/\/www.carpinteria-aluminio.cat\/ca\/finestra-oscillo-batent-duna-fulla-amb-vidre-climalit-4-16-gas-argo-4-carglass-new-plus-planitherm-4s-de-la-serie-alg-65-optima\/","title":{"rendered":"Finestra oscil\u00b7lo-batent d&#8217;una fulla amb vidre climalit 4 &#8211; 16 gas arg\u00f3 &#8211; 4 carglass new plus planitherm 4s de la s\u00e8rie ALG 65 \u00d2ptima"},"content":{"rendered":"\n<p>Finestra oscil\u00b7lo-batent d&#8217;una fulla amb vidre climalit 4 &#8211; 16 gas arg\u00f3 &#8211; 4 carglass new plus planitherm 4s de la s\u00e8rie ALG 65 \u00d2ptima en lacat blanc amb folre recte de 60 mm.<\/p>\n\n<p>Mides 490 x 990 mm.<\/p>\n\n<figure class=\"wp-block-gallery has-nested-images columns-default is-cropped wp-block-gallery-1 is-layout-flex wp-block-gallery-is-layout-flex\">\n<figure class=\"wp-block-image size-large\"><a href=\"https:\/\/www.carpinteria-aluminio.cat\/wp-content\/uploads\/2026\/03\/WhatsApp-Image-2026-02-26-at-17.43.34-768x1024.jpeg\"><img loading=\"lazy\" decoding=\"async\" width=\"768\" height=\"1024\" data-id=\"78466\" src=\"https:\/\/www.carpinteria-aluminio.cat\/wp-content\/uploads\/2026\/03\/WhatsApp-Image-2026-02-26-at-17.43.34-768x1024.jpeg\" alt=\"\" class=\"wp-image-78466\" srcset=\"https:\/\/www.carpinteria-aluminio.cat\/wp-content\/uploads\/2026\/03\/WhatsApp-Image-2026-02-26-at-17.43.34-768x1024.jpeg 768w, https:\/\/www.carpinteria-aluminio.cat\/wp-content\/uploads\/2026\/03\/WhatsApp-Image-2026-02-26-at-17.43.34-225x300.jpeg 225w, https:\/\/www.carpinteria-aluminio.cat\/wp-content\/uploads\/2026\/03\/WhatsApp-Image-2026-02-26-at-17.43.34-1152x1536.jpeg 1152w, https:\/\/www.carpinteria-aluminio.cat\/wp-content\/uploads\/2026\/03\/WhatsApp-Image-2026-02-26-at-17.43.34-56x75.jpeg 56w, https:\/\/www.carpinteria-aluminio.cat\/wp-content\/uploads\/2026\/03\/WhatsApp-Image-2026-02-26-at-17.43.34-480x640.jpeg 480w, https:\/\/www.carpinteria-aluminio.cat\/wp-content\/uploads\/2026\/03\/WhatsApp-Image-2026-02-26-at-17.43.34.jpeg 1530w\" sizes=\"auto, (max-width:767px) 480px, (max-width:768px) 100vw, 768px\" \/><\/a><\/figure>\n\n\n\n<figure class=\"wp-block-image size-large\"><a href=\"https:\/\/www.carpinteria-aluminio.cat\/wp-content\/uploads\/2026\/03\/WhatsApp-Image-2026-02-26-at-17.43.33-768x1024.jpeg\"><img loading=\"lazy\" decoding=\"async\" width=\"768\" height=\"1024\" data-id=\"78457\" src=\"https:\/\/www.carpinteria-aluminio.cat\/wp-content\/uploads\/2026\/03\/WhatsApp-Image-2026-02-26-at-17.43.33-768x1024.jpeg\" alt=\"\" class=\"wp-image-78457\" srcset=\"https:\/\/www.carpinteria-aluminio.cat\/wp-content\/uploads\/2026\/03\/WhatsApp-Image-2026-02-26-at-17.43.33-768x1024.jpeg 768w, https:\/\/www.carpinteria-aluminio.cat\/wp-content\/uploads\/2026\/03\/WhatsApp-Image-2026-02-26-at-17.43.33-225x300.jpeg 225w, https:\/\/www.carpinteria-aluminio.cat\/wp-content\/uploads\/2026\/03\/WhatsApp-Image-2026-02-26-at-17.43.33-1152x1536.jpeg 1152w, https:\/\/www.carpinteria-aluminio.cat\/wp-content\/uploads\/2026\/03\/WhatsApp-Image-2026-02-26-at-17.43.33-56x75.jpeg 56w, https:\/\/www.carpinteria-aluminio.cat\/wp-content\/uploads\/2026\/03\/WhatsApp-Image-2026-02-26-at-17.43.33-480x640.jpeg 480w, https:\/\/www.carpinteria-aluminio.cat\/wp-content\/uploads\/2026\/03\/WhatsApp-Image-2026-02-26-at-17.43.33.jpeg 1530w\" sizes=\"auto, (max-width:767px) 480px, (max-width:768px) 100vw, 768px\" \/><\/a><\/figure>\n\n\n\n<figure class=\"wp-block-image size-large\"><a href=\"https:\/\/www.carpinteria-aluminio.cat\/wp-content\/uploads\/2026\/03\/WhatsApp-Image-2026-02-26-at-17.43.32-1-768x1024.jpeg\"><img loading=\"lazy\" decoding=\"async\" width=\"768\" height=\"1024\" data-id=\"78456\" src=\"https:\/\/www.carpinteria-aluminio.cat\/wp-content\/uploads\/2026\/03\/WhatsApp-Image-2026-02-26-at-17.43.32-1-768x1024.jpeg\" alt=\"\" class=\"wp-image-78456\" srcset=\"https:\/\/www.carpinteria-aluminio.cat\/wp-content\/uploads\/2026\/03\/WhatsApp-Image-2026-02-26-at-17.43.32-1-768x1024.jpeg 768w, https:\/\/www.carpinteria-aluminio.cat\/wp-content\/uploads\/2026\/03\/WhatsApp-Image-2026-02-26-at-17.43.32-1-225x300.jpeg 225w, https:\/\/www.carpinteria-aluminio.cat\/wp-content\/uploads\/2026\/03\/WhatsApp-Image-2026-02-26-at-17.43.32-1-1152x1536.jpeg 1152w, https:\/\/www.carpinteria-aluminio.cat\/wp-content\/uploads\/2026\/03\/WhatsApp-Image-2026-02-26-at-17.43.32-1-56x75.jpeg 56w, https:\/\/www.carpinteria-aluminio.cat\/wp-content\/uploads\/2026\/03\/WhatsApp-Image-2026-02-26-at-17.43.32-1-480x640.jpeg 480w, https:\/\/www.carpinteria-aluminio.cat\/wp-content\/uploads\/2026\/03\/WhatsApp-Image-2026-02-26-at-17.43.32-1.jpeg 1530w\" sizes=\"auto, (max-width:767px) 480px, (max-width:768px) 100vw, 768px\" \/><\/a><\/figure>\n<\/figure>\n","protected":false},"excerpt":{"rendered":"<p>Finestra oscil\u00b7lo-batent d&#8217;una fulla amb vidre climalit 4 &#8211; 16 gas arg\u00f3 &#8211; 4 carglass new plus planitherm 4s de la s\u00e8rie ALG 65 \u00d2ptima en<span class=\"excerpt-hellip\"> [\u2026]<\/span><\/p>\n","protected":false},"author":2,"featured_media":78458,"comment_status":"closed","ping_status":"closed","sticky":false,"template":"","format":"standard","meta":{"_joinchat":[],"footnotes":""},"categories":[40],"tags":[638,757,787,535,822,130,308,597,311],"class_list":["post-78487","post","type-post","status-publish","format-standard","has-post-thumbnail","hentry","category-treballs-realitzats","tag-acabados-de-perfiles-de-aluminio-ca","tag-alumini-ca-2","tag-balconera-ca","tag-barcelona-ca","tag-finestral-dalumini","tag-finestres","tag-lacat","tag-tancament-alumini-barcelona","tag-vidre"],"aioseo_notices":[],"_links":{"self":[{"href":"https:\/\/www.carpinteria-aluminio.cat\/ca\/wp-json\/wp\/v2\/posts\/78487","targetHints":{"allow":["GET"]}}],"collection":[{"href":"https:\/\/www.carpinteria-aluminio.cat\/ca\/wp-json\/wp\/v2\/posts"}],"about":[{"href":"https:\/\/www.carpinteria-aluminio.cat\/ca\/wp-json\/wp\/v2\/types\/post"}],"author":[{"embeddable":true,"href":"https:\/\/www.carpinteria-aluminio.cat\/ca\/wp-json\/wp\/v2\/users\/2"}],"replies":[{"embeddable":true,"href":"https:\/\/www.carpinteria-aluminio.cat\/ca\/wp-json\/wp\/v2\/comments?post=78487"}],"version-history":[{"count":1,"href":"https:\/\/www.carpinteria-aluminio.cat\/ca\/wp-json\/wp\/v2\/posts\/78487\/revisions"}],"predecessor-version":[{"id":78488,"href":"https:\/\/www.carpinteria-aluminio.cat\/ca\/wp-json\/wp\/v2\/posts\/78487\/revisions\/78488"}],"wp:featuredmedia":[{"embeddable":true,"href":"https:\/\/www.carpinteria-aluminio.cat\/ca\/wp-json\/wp\/v2\/media\/78458"}],"wp:attachment":[{"href":"https:\/\/www.carpinteria-aluminio.cat\/ca\/wp-json\/wp\/v2\/media?parent=78487"}],"wp:term":[{"taxonomy":"category","embeddable":true,"href":"https:\/\/www.carpinteria-aluminio.cat\/ca\/wp-json\/wp\/v2\/categories?post=78487"},{"taxonomy":"post_tag","embeddable":true,"href":"https:\/\/www.carpinteria-aluminio.cat\/ca\/wp-json\/wp\/v2\/tags?post=78487"}],"curies":[{"name":"wp","href":"https:\/\/api.w.org\/{rel}","templated":true}]}}