{"id":79858,"date":"2026-04-27T10:01:13","date_gmt":"2026-04-27T09:01:13","guid":{"rendered":"https:\/\/www.carpinteria-aluminio.cat\/?p=79858"},"modified":"2026-04-27T10:01:14","modified_gmt":"2026-04-27T09:01:14","slug":"finestra-batent-amb-vidre-climalit-4-20-gas-argo-mat-acid-4-plus-planitherm-4s-de-la-serie-stilo60-rpt","status":"publish","type":"post","link":"https:\/\/www.carpinteria-aluminio.cat\/ca\/finestra-batent-amb-vidre-climalit-4-20-gas-argo-mat-acid-4-plus-planitherm-4s-de-la-serie-stilo60-rpt\/","title":{"rendered":"Finestra batent amb vidre climalit 4 &#8211; 20 gas arg\u00f3 &#8211; mat \u00e0cid 4 plus planitherm 4s de la s\u00e8rie Stilo60 RPT"},"content":{"rendered":"\n<p>Finestra batent amb vidre climalit 4 &#8211; 20 gas arg\u00f3 &#8211; mat \u00e0cid 4 plus planitherm 4s de la s\u00e8rie Stilo60 RPT en lacat blanc, amb folre de 45mm.<\/p>\n\n<p>Mides 970 x 540 mm.<\/p>\n\n<figure class=\"wp-block-gallery has-nested-images columns-default is-cropped wp-block-gallery-1 is-layout-flex wp-block-gallery-is-layout-flex\">\n<figure class=\"wp-block-image size-large\"><a href=\"https:\/\/www.carpinteria-aluminio.cat\/wp-content\/uploads\/2026\/04\/WhatsApp-Image-2026-04-16-at-17.09.10.jpeg\"><img loading=\"lazy\" decoding=\"async\" width=\"768\" height=\"1024\" data-id=\"79659\" src=\"https:\/\/www.carpinteria-aluminio.cat\/wp-content\/uploads\/2026\/04\/WhatsApp-Image-2026-04-16-at-17.09.10-768x1024.jpeg\" alt=\"\" class=\"wp-image-79659\" srcset=\"https:\/\/www.carpinteria-aluminio.cat\/wp-content\/uploads\/2026\/04\/WhatsApp-Image-2026-04-16-at-17.09.10-768x1024.jpeg 768w, https:\/\/www.carpinteria-aluminio.cat\/wp-content\/uploads\/2026\/04\/WhatsApp-Image-2026-04-16-at-17.09.10-225x300.jpeg 225w, https:\/\/www.carpinteria-aluminio.cat\/wp-content\/uploads\/2026\/04\/WhatsApp-Image-2026-04-16-at-17.09.10-1152x1536.jpeg 1152w, https:\/\/www.carpinteria-aluminio.cat\/wp-content\/uploads\/2026\/04\/WhatsApp-Image-2026-04-16-at-17.09.10-56x75.jpeg 56w, https:\/\/www.carpinteria-aluminio.cat\/wp-content\/uploads\/2026\/04\/WhatsApp-Image-2026-04-16-at-17.09.10-480x640.jpeg 480w, https:\/\/www.carpinteria-aluminio.cat\/wp-content\/uploads\/2026\/04\/WhatsApp-Image-2026-04-16-at-17.09.10.jpeg 1530w\" sizes=\"auto, (max-width:767px) 480px, (max-width:768px) 100vw, 768px\" \/><\/a><\/figure>\n\n\n\n<figure class=\"wp-block-image size-large\"><a href=\"https:\/\/www.carpinteria-aluminio.cat\/wp-content\/uploads\/2026\/04\/WhatsApp-Image-2026-04-16-at-17.09.10-1.jpeg\"><img loading=\"lazy\" decoding=\"async\" width=\"768\" height=\"1024\" data-id=\"79662\" src=\"https:\/\/www.carpinteria-aluminio.cat\/wp-content\/uploads\/2026\/04\/WhatsApp-Image-2026-04-16-at-17.09.10-1-768x1024.jpeg\" alt=\"\" class=\"wp-image-79662\" srcset=\"https:\/\/www.carpinteria-aluminio.cat\/wp-content\/uploads\/2026\/04\/WhatsApp-Image-2026-04-16-at-17.09.10-1-768x1024.jpeg 768w, https:\/\/www.carpinteria-aluminio.cat\/wp-content\/uploads\/2026\/04\/WhatsApp-Image-2026-04-16-at-17.09.10-1-225x300.jpeg 225w, https:\/\/www.carpinteria-aluminio.cat\/wp-content\/uploads\/2026\/04\/WhatsApp-Image-2026-04-16-at-17.09.10-1-1152x1536.jpeg 1152w, https:\/\/www.carpinteria-aluminio.cat\/wp-content\/uploads\/2026\/04\/WhatsApp-Image-2026-04-16-at-17.09.10-1-56x75.jpeg 56w, https:\/\/www.carpinteria-aluminio.cat\/wp-content\/uploads\/2026\/04\/WhatsApp-Image-2026-04-16-at-17.09.10-1-480x640.jpeg 480w, https:\/\/www.carpinteria-aluminio.cat\/wp-content\/uploads\/2026\/04\/WhatsApp-Image-2026-04-16-at-17.09.10-1.jpeg 1530w\" sizes=\"auto, (max-width:767px) 480px, (max-width:768px) 100vw, 768px\" \/><\/a><\/figure>\n<\/figure>\n","protected":false},"excerpt":{"rendered":"<p>Finestra batent amb vidre climalit 4 &#8211; 20 gas arg\u00f3 &#8211; mat \u00e0cid 4 plus planitherm 4s de la s\u00e8rie Stilo60 RPT en lacat blanc, amb<span class=\"excerpt-hellip\"> [\u2026]<\/span><\/p>\n","protected":false},"author":2,"featured_media":79665,"comment_status":"closed","ping_status":"closed","sticky":false,"template":"","format":"standard","meta":{"_joinchat":[],"footnotes":""},"categories":[40],"tags":[634,21,785,17,822,130,308,597,311],"class_list":["post-79858","post","type-post","status-publish","format-standard","has-post-thumbnail","hentry","category-treballs-realitzats","tag-acabados-de-perfiles-de-aluminio","tag-alumini","tag-balconera","tag-barcelona","tag-finestral-dalumini","tag-finestres","tag-lacat","tag-tancament-alumini-barcelona","tag-vidre"],"aioseo_notices":[],"_links":{"self":[{"href":"https:\/\/www.carpinteria-aluminio.cat\/ca\/wp-json\/wp\/v2\/posts\/79858","targetHints":{"allow":["GET"]}}],"collection":[{"href":"https:\/\/www.carpinteria-aluminio.cat\/ca\/wp-json\/wp\/v2\/posts"}],"about":[{"href":"https:\/\/www.carpinteria-aluminio.cat\/ca\/wp-json\/wp\/v2\/types\/post"}],"author":[{"embeddable":true,"href":"https:\/\/www.carpinteria-aluminio.cat\/ca\/wp-json\/wp\/v2\/users\/2"}],"replies":[{"embeddable":true,"href":"https:\/\/www.carpinteria-aluminio.cat\/ca\/wp-json\/wp\/v2\/comments?post=79858"}],"version-history":[{"count":1,"href":"https:\/\/www.carpinteria-aluminio.cat\/ca\/wp-json\/wp\/v2\/posts\/79858\/revisions"}],"predecessor-version":[{"id":79859,"href":"https:\/\/www.carpinteria-aluminio.cat\/ca\/wp-json\/wp\/v2\/posts\/79858\/revisions\/79859"}],"wp:featuredmedia":[{"embeddable":true,"href":"https:\/\/www.carpinteria-aluminio.cat\/ca\/wp-json\/wp\/v2\/media\/79665"}],"wp:attachment":[{"href":"https:\/\/www.carpinteria-aluminio.cat\/ca\/wp-json\/wp\/v2\/media?parent=79858"}],"wp:term":[{"taxonomy":"category","embeddable":true,"href":"https:\/\/www.carpinteria-aluminio.cat\/ca\/wp-json\/wp\/v2\/categories?post=79858"},{"taxonomy":"post_tag","embeddable":true,"href":"https:\/\/www.carpinteria-aluminio.cat\/ca\/wp-json\/wp\/v2\/tags?post=79858"}],"curies":[{"name":"wp","href":"https:\/\/api.w.org\/{rel}","templated":true}]}}