{"id":79979,"date":"2026-05-03T10:52:24","date_gmt":"2026-05-03T09:52:24","guid":{"rendered":"https:\/\/www.carpinteria-aluminio.cat\/?p=79979"},"modified":"2026-05-03T10:52:25","modified_gmt":"2026-05-03T09:52:25","slug":"finestra-practicable-duna-fulla-amb-vidre-climalit-4-20-gas-argo-4-mat-acid-plus-planitherm-xn-amb-portico-interior","status":"publish","type":"post","link":"https:\/\/www.carpinteria-aluminio.cat\/ca\/finestra-practicable-duna-fulla-amb-vidre-climalit-4-20-gas-argo-4-mat-acid-plus-planitherm-xn-amb-portico-interior\/","title":{"rendered":"Finestra practicable d&#8217;una fulla amb vidre climalit 4 &#8211; 20 gas arg\u00f3 &#8211; 4 mat \u00e0cid plus planitherm XN amb portic\u00f3 interior"},"content":{"rendered":"\n<p>Finestra practicable d&#8217;una fulla amb vidre climalit 4 &#8211; 20 gas arg\u00f3 &#8211; 4 mat \u00e0cid plus planitherm XN de la s\u00e8rie 60 RPT en lacat blanc amb folre de 85mm, amb portic\u00f3 interior d&#8217;alumini lacat blanc.<\/p>\n\n<p>Mides 630 x 1380 mm.<\/p>\n\n<figure class=\"wp-block-gallery has-nested-images columns-default is-cropped wp-block-gallery-1 is-layout-flex wp-block-gallery-is-layout-flex\">\n<figure class=\"wp-block-image size-large\"><a href=\"https:\/\/www.carpinteria-aluminio.cat\/wp-content\/uploads\/2026\/04\/WhatsApp-Image-2026-04-22-at-17.48.00-3.jpeg\"><img loading=\"lazy\" decoding=\"async\" width=\"768\" height=\"1024\" data-id=\"79963\" src=\"https:\/\/www.carpinteria-aluminio.cat\/wp-content\/uploads\/2026\/04\/WhatsApp-Image-2026-04-22-at-17.48.00-3-768x1024.jpeg\" alt=\"\" class=\"wp-image-79963\" srcset=\"https:\/\/www.carpinteria-aluminio.cat\/wp-content\/uploads\/2026\/04\/WhatsApp-Image-2026-04-22-at-17.48.00-3-768x1024.jpeg 768w, https:\/\/www.carpinteria-aluminio.cat\/wp-content\/uploads\/2026\/04\/WhatsApp-Image-2026-04-22-at-17.48.00-3-225x300.jpeg 225w, https:\/\/www.carpinteria-aluminio.cat\/wp-content\/uploads\/2026\/04\/WhatsApp-Image-2026-04-22-at-17.48.00-3-1152x1536.jpeg 1152w, https:\/\/www.carpinteria-aluminio.cat\/wp-content\/uploads\/2026\/04\/WhatsApp-Image-2026-04-22-at-17.48.00-3-56x75.jpeg 56w, https:\/\/www.carpinteria-aluminio.cat\/wp-content\/uploads\/2026\/04\/WhatsApp-Image-2026-04-22-at-17.48.00-3-480x640.jpeg 480w, https:\/\/www.carpinteria-aluminio.cat\/wp-content\/uploads\/2026\/04\/WhatsApp-Image-2026-04-22-at-17.48.00-3.jpeg 1536w\" sizes=\"auto, (max-width:767px) 480px, (max-width:768px) 100vw, 768px\" \/><\/a><\/figure>\n\n\n\n<figure class=\"wp-block-image size-large\"><a href=\"https:\/\/www.carpinteria-aluminio.cat\/wp-content\/uploads\/2026\/04\/WhatsApp-Image-2026-04-22-at-17.48.00-2-1.jpeg\"><img loading=\"lazy\" decoding=\"async\" width=\"768\" height=\"1024\" data-id=\"79968\" src=\"https:\/\/www.carpinteria-aluminio.cat\/wp-content\/uploads\/2026\/04\/WhatsApp-Image-2026-04-22-at-17.48.00-2-1-768x1024.jpeg\" alt=\"\" class=\"wp-image-79968\" srcset=\"https:\/\/www.carpinteria-aluminio.cat\/wp-content\/uploads\/2026\/04\/WhatsApp-Image-2026-04-22-at-17.48.00-2-1-768x1024.jpeg 768w, https:\/\/www.carpinteria-aluminio.cat\/wp-content\/uploads\/2026\/04\/WhatsApp-Image-2026-04-22-at-17.48.00-2-1-225x300.jpeg 225w, https:\/\/www.carpinteria-aluminio.cat\/wp-content\/uploads\/2026\/04\/WhatsApp-Image-2026-04-22-at-17.48.00-2-1-1152x1536.jpeg 1152w, https:\/\/www.carpinteria-aluminio.cat\/wp-content\/uploads\/2026\/04\/WhatsApp-Image-2026-04-22-at-17.48.00-2-1-56x75.jpeg 56w, https:\/\/www.carpinteria-aluminio.cat\/wp-content\/uploads\/2026\/04\/WhatsApp-Image-2026-04-22-at-17.48.00-2-1-480x640.jpeg 480w, https:\/\/www.carpinteria-aluminio.cat\/wp-content\/uploads\/2026\/04\/WhatsApp-Image-2026-04-22-at-17.48.00-2-1.jpeg 1536w\" sizes=\"auto, (max-width:767px) 480px, (max-width:768px) 100vw, 768px\" \/><\/a><\/figure>\n\n\n\n<figure class=\"wp-block-image size-large\"><a href=\"https:\/\/www.carpinteria-aluminio.cat\/wp-content\/uploads\/2026\/04\/WhatsApp-Image-2026-04-22-at-17.48.00-1.jpeg\"><img loading=\"lazy\" decoding=\"async\" width=\"768\" height=\"1024\" data-id=\"79966\" src=\"https:\/\/www.carpinteria-aluminio.cat\/wp-content\/uploads\/2026\/04\/WhatsApp-Image-2026-04-22-at-17.48.00-1-768x1024.jpeg\" alt=\"\" class=\"wp-image-79966\" srcset=\"https:\/\/www.carpinteria-aluminio.cat\/wp-content\/uploads\/2026\/04\/WhatsApp-Image-2026-04-22-at-17.48.00-1-768x1024.jpeg 768w, https:\/\/www.carpinteria-aluminio.cat\/wp-content\/uploads\/2026\/04\/WhatsApp-Image-2026-04-22-at-17.48.00-1-225x300.jpeg 225w, https:\/\/www.carpinteria-aluminio.cat\/wp-content\/uploads\/2026\/04\/WhatsApp-Image-2026-04-22-at-17.48.00-1-1152x1536.jpeg 1152w, https:\/\/www.carpinteria-aluminio.cat\/wp-content\/uploads\/2026\/04\/WhatsApp-Image-2026-04-22-at-17.48.00-1-56x75.jpeg 56w, https:\/\/www.carpinteria-aluminio.cat\/wp-content\/uploads\/2026\/04\/WhatsApp-Image-2026-04-22-at-17.48.00-1-480x640.jpeg 480w, https:\/\/www.carpinteria-aluminio.cat\/wp-content\/uploads\/2026\/04\/WhatsApp-Image-2026-04-22-at-17.48.00-1.jpeg 1536w\" sizes=\"auto, (max-width:767px) 480px, (max-width:768px) 100vw, 768px\" \/><\/a><\/figure>\n<\/figure>\n","protected":false},"excerpt":{"rendered":"<p>Finestra practicable d&#8217;una fulla amb vidre climalit 4 &#8211; 20 gas arg\u00f3 &#8211; 4 mat \u00e0cid plus planitherm XN de la s\u00e8rie 60 RPT en lacat<span class=\"excerpt-hellip\"> [\u2026]<\/span><\/p>\n","protected":false},"author":2,"featured_media":79970,"comment_status":"closed","ping_status":"closed","sticky":false,"template":"","format":"standard","meta":{"_joinchat":[],"footnotes":""},"categories":[40],"tags":[634,21,785,17,822,130,308,597,311],"class_list":["post-79979","post","type-post","status-publish","format-standard","has-post-thumbnail","hentry","category-treballs-realitzats","tag-acabados-de-perfiles-de-aluminio","tag-alumini","tag-balconera","tag-barcelona","tag-finestral-dalumini","tag-finestres","tag-lacat","tag-tancament-alumini-barcelona","tag-vidre"],"aioseo_notices":[],"_links":{"self":[{"href":"https:\/\/www.carpinteria-aluminio.cat\/ca\/wp-json\/wp\/v2\/posts\/79979","targetHints":{"allow":["GET"]}}],"collection":[{"href":"https:\/\/www.carpinteria-aluminio.cat\/ca\/wp-json\/wp\/v2\/posts"}],"about":[{"href":"https:\/\/www.carpinteria-aluminio.cat\/ca\/wp-json\/wp\/v2\/types\/post"}],"author":[{"embeddable":true,"href":"https:\/\/www.carpinteria-aluminio.cat\/ca\/wp-json\/wp\/v2\/users\/2"}],"replies":[{"embeddable":true,"href":"https:\/\/www.carpinteria-aluminio.cat\/ca\/wp-json\/wp\/v2\/comments?post=79979"}],"version-history":[{"count":1,"href":"https:\/\/www.carpinteria-aluminio.cat\/ca\/wp-json\/wp\/v2\/posts\/79979\/revisions"}],"predecessor-version":[{"id":79980,"href":"https:\/\/www.carpinteria-aluminio.cat\/ca\/wp-json\/wp\/v2\/posts\/79979\/revisions\/79980"}],"wp:featuredmedia":[{"embeddable":true,"href":"https:\/\/www.carpinteria-aluminio.cat\/ca\/wp-json\/wp\/v2\/media\/79970"}],"wp:attachment":[{"href":"https:\/\/www.carpinteria-aluminio.cat\/ca\/wp-json\/wp\/v2\/media?parent=79979"}],"wp:term":[{"taxonomy":"category","embeddable":true,"href":"https:\/\/www.carpinteria-aluminio.cat\/ca\/wp-json\/wp\/v2\/categories?post=79979"},{"taxonomy":"post_tag","embeddable":true,"href":"https:\/\/www.carpinteria-aluminio.cat\/ca\/wp-json\/wp\/v2\/tags?post=79979"}],"curies":[{"name":"wp","href":"https:\/\/api.w.org\/{rel}","templated":true}]}}