{"id":57751,"date":"2024-10-17T09:35:50","date_gmt":"2024-10-17T08:35:50","guid":{"rendered":"https:\/\/www.carpinteria-aluminio.cat\/?p=57751"},"modified":"2024-10-17T09:35:51","modified_gmt":"2024-10-17T08:35:51","slug":"kleiderschrank-mit-fluegeltueren-aus-ral-7022-lackiertem-geschlitztem-sandwich-stahlblech","status":"publish","type":"post","link":"https:\/\/www.carpinteria-aluminio.cat\/de\/kleiderschrank-mit-fluegeltueren-aus-ral-7022-lackiertem-geschlitztem-sandwich-stahlblech\/","title":{"rendered":"Kleiderschrank mit Fl\u00fcgelt\u00fcren aus RAL 7022 lackiertem, geschlitztem Sandwich-Stahlblech"},"content":{"rendered":"\n<p>Sandwich-Blechstruktur mit geschlitzter Front aus der Serie 350 EUR. in Standardlackierung RAL 7022, bestehend aus: <\/p>\n\n<p>Einfl\u00fcgelige und zweifl\u00fcgelige T\u00fcren. Gr\u00f6\u00dfe: 1760 x 2100. Fixiert mit Sandwichplatte f\u00fcr R\u00fcckseite und Dach.  <\/p>\n\n<figure class=\"wp-block-gallery has-nested-images columns-default is-cropped wp-block-gallery-1 is-layout-flex wp-block-gallery-is-layout-flex\">\n<figure class=\"wp-block-image size-large\"><a href=\"https:\/\/www.carpinteria-aluminio.cat\/wp-content\/uploads\/2024\/10\/Imagen-de-WhatsApp-2024-10-02-a-las-16.42.46_216a3304-768x1024.jpg\"><img loading=\"lazy\" decoding=\"async\" width=\"768\" height=\"1024\" data-id=\"57723\" src=\"https:\/\/www.carpinteria-aluminio.cat\/wp-content\/uploads\/2024\/10\/Imagen-de-WhatsApp-2024-10-02-a-las-16.42.46_216a3304-768x1024.jpg\" alt=\"\" class=\"wp-image-57723\" srcset=\"https:\/\/www.carpinteria-aluminio.cat\/wp-content\/uploads\/2024\/10\/Imagen-de-WhatsApp-2024-10-02-a-las-16.42.46_216a3304-768x1024.jpg 768w, https:\/\/www.carpinteria-aluminio.cat\/wp-content\/uploads\/2024\/10\/Imagen-de-WhatsApp-2024-10-02-a-las-16.42.46_216a3304-225x300.jpg 225w, https:\/\/www.carpinteria-aluminio.cat\/wp-content\/uploads\/2024\/10\/Imagen-de-WhatsApp-2024-10-02-a-las-16.42.46_216a3304-1152x1536.jpg 1152w, https:\/\/www.carpinteria-aluminio.cat\/wp-content\/uploads\/2024\/10\/Imagen-de-WhatsApp-2024-10-02-a-las-16.42.46_216a3304-56x75.jpg 56w, https:\/\/www.carpinteria-aluminio.cat\/wp-content\/uploads\/2024\/10\/Imagen-de-WhatsApp-2024-10-02-a-las-16.42.46_216a3304-480x640.jpg 480w, https:\/\/www.carpinteria-aluminio.cat\/wp-content\/uploads\/2024\/10\/Imagen-de-WhatsApp-2024-10-02-a-las-16.42.46_216a3304.jpg 1536w\" sizes=\"auto, (max-width:767px) 480px, (max-width:768px) 100vw, 768px\" \/><\/a><\/figure>\n\n\n\n<figure class=\"wp-block-image size-large\"><a href=\"https:\/\/www.carpinteria-aluminio.cat\/wp-content\/uploads\/2024\/10\/Imagen-de-WhatsApp-2024-10-02-a-las-16.42.47_4931ce17-768x1024.jpg\"><img loading=\"lazy\" decoding=\"async\" width=\"768\" height=\"1024\" data-id=\"57728\" src=\"https:\/\/www.carpinteria-aluminio.cat\/wp-content\/uploads\/2024\/10\/Imagen-de-WhatsApp-2024-10-02-a-las-16.42.47_4931ce17-768x1024.jpg\" alt=\"\" class=\"wp-image-57728\" srcset=\"https:\/\/www.carpinteria-aluminio.cat\/wp-content\/uploads\/2024\/10\/Imagen-de-WhatsApp-2024-10-02-a-las-16.42.47_4931ce17-768x1024.jpg 768w, https:\/\/www.carpinteria-aluminio.cat\/wp-content\/uploads\/2024\/10\/Imagen-de-WhatsApp-2024-10-02-a-las-16.42.47_4931ce17-225x300.jpg 225w, https:\/\/www.carpinteria-aluminio.cat\/wp-content\/uploads\/2024\/10\/Imagen-de-WhatsApp-2024-10-02-a-las-16.42.47_4931ce17-1152x1536.jpg 1152w, https:\/\/www.carpinteria-aluminio.cat\/wp-content\/uploads\/2024\/10\/Imagen-de-WhatsApp-2024-10-02-a-las-16.42.47_4931ce17-56x75.jpg 56w, https:\/\/www.carpinteria-aluminio.cat\/wp-content\/uploads\/2024\/10\/Imagen-de-WhatsApp-2024-10-02-a-las-16.42.47_4931ce17-480x640.jpg 480w, https:\/\/www.carpinteria-aluminio.cat\/wp-content\/uploads\/2024\/10\/Imagen-de-WhatsApp-2024-10-02-a-las-16.42.47_4931ce17.jpg 1536w\" sizes=\"auto, (max-width:767px) 480px, (max-width:768px) 100vw, 768px\" \/><\/a><\/figure>\n\n\n\n<figure class=\"wp-block-image size-large\"><a href=\"https:\/\/www.carpinteria-aluminio.cat\/wp-content\/uploads\/2024\/10\/Imagen-de-WhatsApp-2024-10-02-a-las-16.42.48_507eb156-768x1024.jpg\"><img loading=\"lazy\" decoding=\"async\" width=\"768\" height=\"1024\" data-id=\"57726\" src=\"https:\/\/www.carpinteria-aluminio.cat\/wp-content\/uploads\/2024\/10\/Imagen-de-WhatsApp-2024-10-02-a-las-16.42.48_507eb156-768x1024.jpg\" alt=\"\" class=\"wp-image-57726\" srcset=\"https:\/\/www.carpinteria-aluminio.cat\/wp-content\/uploads\/2024\/10\/Imagen-de-WhatsApp-2024-10-02-a-las-16.42.48_507eb156-768x1024.jpg 768w, https:\/\/www.carpinteria-aluminio.cat\/wp-content\/uploads\/2024\/10\/Imagen-de-WhatsApp-2024-10-02-a-las-16.42.48_507eb156-225x300.jpg 225w, https:\/\/www.carpinteria-aluminio.cat\/wp-content\/uploads\/2024\/10\/Imagen-de-WhatsApp-2024-10-02-a-las-16.42.48_507eb156-1152x1536.jpg 1152w, https:\/\/www.carpinteria-aluminio.cat\/wp-content\/uploads\/2024\/10\/Imagen-de-WhatsApp-2024-10-02-a-las-16.42.48_507eb156-56x75.jpg 56w, https:\/\/www.carpinteria-aluminio.cat\/wp-content\/uploads\/2024\/10\/Imagen-de-WhatsApp-2024-10-02-a-las-16.42.48_507eb156-480x640.jpg 480w, https:\/\/www.carpinteria-aluminio.cat\/wp-content\/uploads\/2024\/10\/Imagen-de-WhatsApp-2024-10-02-a-las-16.42.48_507eb156.jpg 1536w\" sizes=\"auto, (max-width:767px) 480px, (max-width:768px) 100vw, 768px\" \/><\/a><\/figure>\n<\/figure>\n","protected":false},"excerpt":{"rendered":"<p>Sandwich-Blechstruktur mit geschlitzter Front aus der Serie 350 EUR. in Standardlackierung RAL 7022, bestehend aus: Einfl\u00fcgelige und zweifl\u00fcgelige T\u00fcren. Gr\u00f6\u00dfe: 1760 x 2100. Fixiert mit Sandwichplatte<span class=\"excerpt-hellip\"> [\u2026]<\/span><\/p>\n","protected":false},"author":2,"featured_media":57730,"comment_status":"closed","ping_status":"closed","sticky":false,"template":"","format":"standard","meta":{"_joinchat":[],"footnotes":""},"categories":[1322],"tags":[1326,1324,1332,1323,1330,1331,1325,1329,1328,1327],"class_list":["post-57751","post","type-post","status-publish","format-standard","has-post-thumbnail","hentry","category-durchgefuhrte-arbeit","tag-alumini-de","tag-aluminium-de","tag-aluminium-fenster","tag-aluminium-gehause-barcelona","tag-aluminiumprofil-oberflachen","tag-balkon","tag-barcelona-de","tag-fenster","tag-glas","tag-lackiert"],"aioseo_notices":[],"_links":{"self":[{"href":"https:\/\/www.carpinteria-aluminio.cat\/de\/wp-json\/wp\/v2\/posts\/57751","targetHints":{"allow":["GET"]}}],"collection":[{"href":"https:\/\/www.carpinteria-aluminio.cat\/de\/wp-json\/wp\/v2\/posts"}],"about":[{"href":"https:\/\/www.carpinteria-aluminio.cat\/de\/wp-json\/wp\/v2\/types\/post"}],"author":[{"embeddable":true,"href":"https:\/\/www.carpinteria-aluminio.cat\/de\/wp-json\/wp\/v2\/users\/2"}],"replies":[{"embeddable":true,"href":"https:\/\/www.carpinteria-aluminio.cat\/de\/wp-json\/wp\/v2\/comments?post=57751"}],"version-history":[{"count":2,"href":"https:\/\/www.carpinteria-aluminio.cat\/de\/wp-json\/wp\/v2\/posts\/57751\/revisions"}],"predecessor-version":[{"id":57931,"href":"https:\/\/www.carpinteria-aluminio.cat\/de\/wp-json\/wp\/v2\/posts\/57751\/revisions\/57931"}],"wp:featuredmedia":[{"embeddable":true,"href":"https:\/\/www.carpinteria-aluminio.cat\/de\/wp-json\/wp\/v2\/media\/57730"}],"wp:attachment":[{"href":"https:\/\/www.carpinteria-aluminio.cat\/de\/wp-json\/wp\/v2\/media?parent=57751"}],"wp:term":[{"taxonomy":"category","embeddable":true,"href":"https:\/\/www.carpinteria-aluminio.cat\/de\/wp-json\/wp\/v2\/categories?post=57751"},{"taxonomy":"post_tag","embeddable":true,"href":"https:\/\/www.carpinteria-aluminio.cat\/de\/wp-json\/wp\/v2\/tags?post=57751"}],"curies":[{"name":"wp","href":"https:\/\/api.w.org\/{rel}","templated":true}]}}