{"id":59568,"date":"2024-11-28T20:34:05","date_gmt":"2024-11-28T19:34:05","guid":{"rendered":"https:\/\/www.carpinteria-aluminio.cat\/?p=59568"},"modified":"2024-11-28T20:34:10","modified_gmt":"2024-11-28T19:34:10","slug":"japanische-paneeltuer-aus-mattschwarzem-aluminium","status":"publish","type":"post","link":"https:\/\/www.carpinteria-aluminio.cat\/de\/japanische-paneeltuer-aus-mattschwarzem-aluminium\/","title":{"rendered":"Japanische Paneelt\u00fcr aus mattschwarzem Aluminium"},"content":{"rendered":"\n<p>Japanische Paneelt\u00fcr mit kleiner F\u00fchrung aus mattschwarz lackiertem Aluminium, bestehend aus einem festen Paneel und einer Fl\u00fcgelt\u00fcr mit transparentem 3+3-Verbundglas.<\/p>\n\n<figure class=\"wp-block-gallery has-nested-images columns-default is-cropped wp-block-gallery-1 is-layout-flex wp-block-gallery-is-layout-flex\">\n<figure class=\"wp-block-image size-large\"><a href=\"https:\/\/www.carpinteria-aluminio.cat\/wp-content\/uploads\/2024\/11\/Imagen-de-WhatsApp-2024-11-21-a-las-17.16.29_9ddba985-768x1024.jpg\"><img loading=\"lazy\" decoding=\"async\" width=\"768\" height=\"1024\" data-id=\"59377\" src=\"https:\/\/www.carpinteria-aluminio.cat\/wp-content\/uploads\/2024\/11\/Imagen-de-WhatsApp-2024-11-21-a-las-17.16.29_9ddba985-768x1024.jpg\" alt=\"\" class=\"wp-image-59377\" srcset=\"https:\/\/www.carpinteria-aluminio.cat\/wp-content\/uploads\/2024\/11\/Imagen-de-WhatsApp-2024-11-21-a-las-17.16.29_9ddba985-768x1024.jpg 768w, https:\/\/www.carpinteria-aluminio.cat\/wp-content\/uploads\/2024\/11\/Imagen-de-WhatsApp-2024-11-21-a-las-17.16.29_9ddba985-225x300.jpg 225w, https:\/\/www.carpinteria-aluminio.cat\/wp-content\/uploads\/2024\/11\/Imagen-de-WhatsApp-2024-11-21-a-las-17.16.29_9ddba985-1152x1536.jpg 1152w, https:\/\/www.carpinteria-aluminio.cat\/wp-content\/uploads\/2024\/11\/Imagen-de-WhatsApp-2024-11-21-a-las-17.16.29_9ddba985-56x75.jpg 56w, https:\/\/www.carpinteria-aluminio.cat\/wp-content\/uploads\/2024\/11\/Imagen-de-WhatsApp-2024-11-21-a-las-17.16.29_9ddba985-480x640.jpg 480w, https:\/\/www.carpinteria-aluminio.cat\/wp-content\/uploads\/2024\/11\/Imagen-de-WhatsApp-2024-11-21-a-las-17.16.29_9ddba985.jpg 1200w\" sizes=\"auto, (max-width:767px) 480px, (max-width:768px) 100vw, 768px\" \/><\/a><\/figure>\n\n\n\n<figure class=\"wp-block-image size-large\"><a href=\"https:\/\/www.carpinteria-aluminio.cat\/wp-content\/uploads\/2024\/11\/Imagen-de-WhatsApp-2024-11-21-a-las-17.16.29_a7d0ec00-768x1024.jpg\"><img loading=\"lazy\" decoding=\"async\" width=\"768\" height=\"1024\" data-id=\"59379\" src=\"https:\/\/www.carpinteria-aluminio.cat\/wp-content\/uploads\/2024\/11\/Imagen-de-WhatsApp-2024-11-21-a-las-17.16.29_a7d0ec00-768x1024.jpg\" alt=\"\" class=\"wp-image-59379\" srcset=\"https:\/\/www.carpinteria-aluminio.cat\/wp-content\/uploads\/2024\/11\/Imagen-de-WhatsApp-2024-11-21-a-las-17.16.29_a7d0ec00-768x1024.jpg 768w, https:\/\/www.carpinteria-aluminio.cat\/wp-content\/uploads\/2024\/11\/Imagen-de-WhatsApp-2024-11-21-a-las-17.16.29_a7d0ec00-225x300.jpg 225w, https:\/\/www.carpinteria-aluminio.cat\/wp-content\/uploads\/2024\/11\/Imagen-de-WhatsApp-2024-11-21-a-las-17.16.29_a7d0ec00-1152x1536.jpg 1152w, https:\/\/www.carpinteria-aluminio.cat\/wp-content\/uploads\/2024\/11\/Imagen-de-WhatsApp-2024-11-21-a-las-17.16.29_a7d0ec00-56x75.jpg 56w, https:\/\/www.carpinteria-aluminio.cat\/wp-content\/uploads\/2024\/11\/Imagen-de-WhatsApp-2024-11-21-a-las-17.16.29_a7d0ec00-480x640.jpg 480w, https:\/\/www.carpinteria-aluminio.cat\/wp-content\/uploads\/2024\/11\/Imagen-de-WhatsApp-2024-11-21-a-las-17.16.29_a7d0ec00.jpg 1200w\" sizes=\"auto, (max-width:767px) 480px, (max-width:768px) 100vw, 768px\" \/><\/a><\/figure>\n\n\n\n<figure class=\"wp-block-image size-large\"><a href=\"https:\/\/www.carpinteria-aluminio.cat\/wp-content\/uploads\/2024\/11\/Imagen-de-WhatsApp-2024-11-21-a-las-17.16.30_5065155d-768x1024.jpg\"><img loading=\"lazy\" decoding=\"async\" width=\"768\" height=\"1024\" data-id=\"59383\" src=\"https:\/\/www.carpinteria-aluminio.cat\/wp-content\/uploads\/2024\/11\/Imagen-de-WhatsApp-2024-11-21-a-las-17.16.30_5065155d-768x1024.jpg\" alt=\"\" class=\"wp-image-59383\" srcset=\"https:\/\/www.carpinteria-aluminio.cat\/wp-content\/uploads\/2024\/11\/Imagen-de-WhatsApp-2024-11-21-a-las-17.16.30_5065155d-768x1024.jpg 768w, https:\/\/www.carpinteria-aluminio.cat\/wp-content\/uploads\/2024\/11\/Imagen-de-WhatsApp-2024-11-21-a-las-17.16.30_5065155d-225x300.jpg 225w, https:\/\/www.carpinteria-aluminio.cat\/wp-content\/uploads\/2024\/11\/Imagen-de-WhatsApp-2024-11-21-a-las-17.16.30_5065155d-1152x1536.jpg 1152w, https:\/\/www.carpinteria-aluminio.cat\/wp-content\/uploads\/2024\/11\/Imagen-de-WhatsApp-2024-11-21-a-las-17.16.30_5065155d-56x75.jpg 56w, https:\/\/www.carpinteria-aluminio.cat\/wp-content\/uploads\/2024\/11\/Imagen-de-WhatsApp-2024-11-21-a-las-17.16.30_5065155d-480x640.jpg 480w, https:\/\/www.carpinteria-aluminio.cat\/wp-content\/uploads\/2024\/11\/Imagen-de-WhatsApp-2024-11-21-a-las-17.16.30_5065155d.jpg 1200w\" sizes=\"auto, (max-width:767px) 480px, (max-width:768px) 100vw, 768px\" \/><\/a><\/figure>\n\n\n\n<figure class=\"wp-block-image size-large\"><a href=\"https:\/\/www.carpinteria-aluminio.cat\/wp-content\/uploads\/2024\/11\/Imagen-de-WhatsApp-2024-11-21-a-las-17.16.30_4a0ab513-768x1024.jpg\"><img loading=\"lazy\" decoding=\"async\" width=\"768\" height=\"1024\" data-id=\"59378\" src=\"https:\/\/www.carpinteria-aluminio.cat\/wp-content\/uploads\/2024\/11\/Imagen-de-WhatsApp-2024-11-21-a-las-17.16.30_4a0ab513-768x1024.jpg\" alt=\"\" class=\"wp-image-59378\" srcset=\"https:\/\/www.carpinteria-aluminio.cat\/wp-content\/uploads\/2024\/11\/Imagen-de-WhatsApp-2024-11-21-a-las-17.16.30_4a0ab513-768x1024.jpg 768w, https:\/\/www.carpinteria-aluminio.cat\/wp-content\/uploads\/2024\/11\/Imagen-de-WhatsApp-2024-11-21-a-las-17.16.30_4a0ab513-225x300.jpg 225w, https:\/\/www.carpinteria-aluminio.cat\/wp-content\/uploads\/2024\/11\/Imagen-de-WhatsApp-2024-11-21-a-las-17.16.30_4a0ab513-1152x1536.jpg 1152w, https:\/\/www.carpinteria-aluminio.cat\/wp-content\/uploads\/2024\/11\/Imagen-de-WhatsApp-2024-11-21-a-las-17.16.30_4a0ab513-56x75.jpg 56w, https:\/\/www.carpinteria-aluminio.cat\/wp-content\/uploads\/2024\/11\/Imagen-de-WhatsApp-2024-11-21-a-las-17.16.30_4a0ab513-480x640.jpg 480w, https:\/\/www.carpinteria-aluminio.cat\/wp-content\/uploads\/2024\/11\/Imagen-de-WhatsApp-2024-11-21-a-las-17.16.30_4a0ab513.jpg 1200w\" sizes=\"auto, (max-width:767px) 480px, (max-width:768px) 100vw, 768px\" \/><\/a><\/figure>\n<\/figure>\n","protected":false},"excerpt":{"rendered":"<p>Japanische Paneelt\u00fcr mit kleiner F\u00fchrung aus mattschwarz lackiertem Aluminium, bestehend aus einem festen Paneel und einer Fl\u00fcgelt\u00fcr mit transparentem 3+3-Verbundglas.<\/p>\n","protected":false},"author":2,"featured_media":59392,"comment_status":"closed","ping_status":"closed","sticky":false,"template":"","format":"standard","meta":{"_joinchat":[],"footnotes":""},"categories":[1322],"tags":[1326,1324,1323,1330,1331,1325,1328,1327],"class_list":["post-59568","post","type-post","status-publish","format-standard","has-post-thumbnail","hentry","category-durchgefuhrte-arbeit","tag-alumini-de","tag-aluminium-de","tag-aluminium-gehause-barcelona","tag-aluminiumprofil-oberflachen","tag-balkon","tag-barcelona-de","tag-glas","tag-lackiert"],"aioseo_notices":[],"_links":{"self":[{"href":"https:\/\/www.carpinteria-aluminio.cat\/de\/wp-json\/wp\/v2\/posts\/59568","targetHints":{"allow":["GET"]}}],"collection":[{"href":"https:\/\/www.carpinteria-aluminio.cat\/de\/wp-json\/wp\/v2\/posts"}],"about":[{"href":"https:\/\/www.carpinteria-aluminio.cat\/de\/wp-json\/wp\/v2\/types\/post"}],"author":[{"embeddable":true,"href":"https:\/\/www.carpinteria-aluminio.cat\/de\/wp-json\/wp\/v2\/users\/2"}],"replies":[{"embeddable":true,"href":"https:\/\/www.carpinteria-aluminio.cat\/de\/wp-json\/wp\/v2\/comments?post=59568"}],"version-history":[{"count":2,"href":"https:\/\/www.carpinteria-aluminio.cat\/de\/wp-json\/wp\/v2\/posts\/59568\/revisions"}],"predecessor-version":[{"id":59573,"href":"https:\/\/www.carpinteria-aluminio.cat\/de\/wp-json\/wp\/v2\/posts\/59568\/revisions\/59573"}],"wp:featuredmedia":[{"embeddable":true,"href":"https:\/\/www.carpinteria-aluminio.cat\/de\/wp-json\/wp\/v2\/media\/59392"}],"wp:attachment":[{"href":"https:\/\/www.carpinteria-aluminio.cat\/de\/wp-json\/wp\/v2\/media?parent=59568"}],"wp:term":[{"taxonomy":"category","embeddable":true,"href":"https:\/\/www.carpinteria-aluminio.cat\/de\/wp-json\/wp\/v2\/categories?post=59568"},{"taxonomy":"post_tag","embeddable":true,"href":"https:\/\/www.carpinteria-aluminio.cat\/de\/wp-json\/wp\/v2\/tags?post=59568"}],"curies":[{"name":"wp","href":"https:\/\/api.w.org\/{rel}","templated":true}]}}