{"id":61142,"date":"2025-01-12T19:09:26","date_gmt":"2025-01-12T18:09:26","guid":{"rendered":"https:\/\/www.carpinteria-aluminio.cat\/?p=61142"},"modified":"2025-01-12T19:09:28","modified_gmt":"2025-01-12T18:09:28","slug":"einscheiben-balkonfenster-mit-climalit-4-16-4-carglass-neuem-glas","status":"publish","type":"post","link":"https:\/\/www.carpinteria-aluminio.cat\/de\/einscheiben-balkonfenster-mit-climalit-4-16-4-carglass-neuem-glas\/","title":{"rendered":"Einscheiben-Balkonfenster mit Climalit 4-16-4 carglass neuem Glas"},"content":{"rendered":"\n<p>Einscheiben-Balkonfenster zum \u00d6ffnen mit Climalit 4-16-4 carglass new glass aus der Serie 350 EUR in wei\u00dfem Lack, mit L\u00fcftungsgitter. Abmessungen 810 x 1880 mm.   <\/p>\n\n<figure class=\"wp-block-gallery has-nested-images columns-default is-cropped wp-block-gallery-1 is-layout-flex wp-block-gallery-is-layout-flex\">\n<figure class=\"wp-block-image size-large\"><a href=\"https:\/\/www.carpinteria-aluminio.cat\/wp-content\/uploads\/2025\/01\/Imagen-de-WhatsApp-2025-01-08-a-las-17.33.01_9addbd79-768x1024.jpg\"><img loading=\"lazy\" decoding=\"async\" width=\"768\" height=\"1024\" data-id=\"61125\" src=\"https:\/\/www.carpinteria-aluminio.cat\/wp-content\/uploads\/2025\/01\/Imagen-de-WhatsApp-2025-01-08-a-las-17.33.01_9addbd79-768x1024.jpg\" alt=\"\" class=\"wp-image-61125\" srcset=\"https:\/\/www.carpinteria-aluminio.cat\/wp-content\/uploads\/2025\/01\/Imagen-de-WhatsApp-2025-01-08-a-las-17.33.01_9addbd79-768x1024.jpg 768w, https:\/\/www.carpinteria-aluminio.cat\/wp-content\/uploads\/2025\/01\/Imagen-de-WhatsApp-2025-01-08-a-las-17.33.01_9addbd79-225x300.jpg 225w, https:\/\/www.carpinteria-aluminio.cat\/wp-content\/uploads\/2025\/01\/Imagen-de-WhatsApp-2025-01-08-a-las-17.33.01_9addbd79-1152x1536.jpg 1152w, https:\/\/www.carpinteria-aluminio.cat\/wp-content\/uploads\/2025\/01\/Imagen-de-WhatsApp-2025-01-08-a-las-17.33.01_9addbd79-56x75.jpg 56w, https:\/\/www.carpinteria-aluminio.cat\/wp-content\/uploads\/2025\/01\/Imagen-de-WhatsApp-2025-01-08-a-las-17.33.01_9addbd79-480x640.jpg 480w, https:\/\/www.carpinteria-aluminio.cat\/wp-content\/uploads\/2025\/01\/Imagen-de-WhatsApp-2025-01-08-a-las-17.33.01_9addbd79.jpg 1200w\" sizes=\"auto, (max-width:767px) 480px, (max-width:768px) 100vw, 768px\" \/><\/a><\/figure>\n\n\n\n<figure class=\"wp-block-image size-large\"><a href=\"https:\/\/www.carpinteria-aluminio.cat\/wp-content\/uploads\/2025\/01\/Imagen-de-WhatsApp-2025-01-08-a-las-17.33.01_dfd9e978.jpg\"><img loading=\"lazy\" decoding=\"async\" width=\"768\" height=\"1024\" data-id=\"61124\" src=\"https:\/\/www.carpinteria-aluminio.cat\/wp-content\/uploads\/2025\/01\/Imagen-de-WhatsApp-2025-01-08-a-las-17.33.01_dfd9e978-768x1024.jpg\" alt=\"\" class=\"wp-image-61124\" srcset=\"https:\/\/www.carpinteria-aluminio.cat\/wp-content\/uploads\/2025\/01\/Imagen-de-WhatsApp-2025-01-08-a-las-17.33.01_dfd9e978-768x1024.jpg 768w, https:\/\/www.carpinteria-aluminio.cat\/wp-content\/uploads\/2025\/01\/Imagen-de-WhatsApp-2025-01-08-a-las-17.33.01_dfd9e978-225x300.jpg 225w, https:\/\/www.carpinteria-aluminio.cat\/wp-content\/uploads\/2025\/01\/Imagen-de-WhatsApp-2025-01-08-a-las-17.33.01_dfd9e978-1152x1536.jpg 1152w, https:\/\/www.carpinteria-aluminio.cat\/wp-content\/uploads\/2025\/01\/Imagen-de-WhatsApp-2025-01-08-a-las-17.33.01_dfd9e978-56x75.jpg 56w, https:\/\/www.carpinteria-aluminio.cat\/wp-content\/uploads\/2025\/01\/Imagen-de-WhatsApp-2025-01-08-a-las-17.33.01_dfd9e978-480x640.jpg 480w, https:\/\/www.carpinteria-aluminio.cat\/wp-content\/uploads\/2025\/01\/Imagen-de-WhatsApp-2025-01-08-a-las-17.33.01_dfd9e978.jpg 1200w\" sizes=\"auto, (max-width:767px) 480px, (max-width:768px) 100vw, 768px\" \/><\/a><\/figure>\n<\/figure>\n","protected":false},"excerpt":{"rendered":"<p>Einscheiben-Balkonfenster zum \u00d6ffnen mit Climalit 4-16-4 carglass new glass aus der Serie 350 EUR in wei\u00dfem Lack, mit L\u00fcftungsgitter. Abmessungen 810 x 1880 mm.<\/p>\n","protected":false},"author":2,"featured_media":61134,"comment_status":"closed","ping_status":"closed","sticky":false,"template":"","format":"standard","meta":{"_joinchat":[],"footnotes":""},"categories":[1322],"tags":[1326,1324,1332,1323,1330,1331,1325,1329,1328,1327],"class_list":["post-61142","post","type-post","status-publish","format-standard","has-post-thumbnail","hentry","category-durchgefuhrte-arbeit","tag-alumini-de","tag-aluminium-de","tag-aluminium-fenster","tag-aluminium-gehause-barcelona","tag-aluminiumprofil-oberflachen","tag-balkon","tag-barcelona-de","tag-fenster","tag-glas","tag-lackiert"],"aioseo_notices":[],"_links":{"self":[{"href":"https:\/\/www.carpinteria-aluminio.cat\/de\/wp-json\/wp\/v2\/posts\/61142","targetHints":{"allow":["GET"]}}],"collection":[{"href":"https:\/\/www.carpinteria-aluminio.cat\/de\/wp-json\/wp\/v2\/posts"}],"about":[{"href":"https:\/\/www.carpinteria-aluminio.cat\/de\/wp-json\/wp\/v2\/types\/post"}],"author":[{"embeddable":true,"href":"https:\/\/www.carpinteria-aluminio.cat\/de\/wp-json\/wp\/v2\/users\/2"}],"replies":[{"embeddable":true,"href":"https:\/\/www.carpinteria-aluminio.cat\/de\/wp-json\/wp\/v2\/comments?post=61142"}],"version-history":[{"count":2,"href":"https:\/\/www.carpinteria-aluminio.cat\/de\/wp-json\/wp\/v2\/posts\/61142\/revisions"}],"predecessor-version":[{"id":61277,"href":"https:\/\/www.carpinteria-aluminio.cat\/de\/wp-json\/wp\/v2\/posts\/61142\/revisions\/61277"}],"wp:featuredmedia":[{"embeddable":true,"href":"https:\/\/www.carpinteria-aluminio.cat\/de\/wp-json\/wp\/v2\/media\/61134"}],"wp:attachment":[{"href":"https:\/\/www.carpinteria-aluminio.cat\/de\/wp-json\/wp\/v2\/media?parent=61142"}],"wp:term":[{"taxonomy":"category","embeddable":true,"href":"https:\/\/www.carpinteria-aluminio.cat\/de\/wp-json\/wp\/v2\/categories?post=61142"},{"taxonomy":"post_tag","embeddable":true,"href":"https:\/\/www.carpinteria-aluminio.cat\/de\/wp-json\/wp\/v2\/tags?post=61142"}],"curies":[{"name":"wp","href":"https:\/\/api.w.org\/{rel}","templated":true}]}}