{"id":61384,"date":"2025-01-16T10:40:17","date_gmt":"2025-01-16T09:40:17","guid":{"rendered":"https:\/\/www.carpinteria-aluminio.cat\/?p=61384"},"modified":"2025-01-16T10:40:19","modified_gmt":"2025-01-16T09:40:19","slug":"weiss-lackierter-schrank-aus-sandwich-blech","status":"publish","type":"post","link":"https:\/\/www.carpinteria-aluminio.cat\/de\/weiss-lackierter-schrank-aus-sandwich-blech\/","title":{"rendered":"Wei\u00df lackierter Schrank aus Sandwich-Blech"},"content":{"rendered":"\n<p>Kleiderschrank bestehend aus festen Paneelen und einer vorderen Fl\u00fcgelt\u00fcr, hergestellt aus Sandwichblech und Profil der Serie 350EUR in wei\u00dfem Lack.<\/p>\n\n<figure class=\"wp-block-gallery has-nested-images columns-default is-cropped wp-block-gallery-1 is-layout-flex wp-block-gallery-is-layout-flex\">\n<figure class=\"wp-block-image size-large\"><a href=\"https:\/\/www.carpinteria-aluminio.cat\/wp-content\/uploads\/2025\/01\/Imagen-de-WhatsApp-2025-01-14-a-las-17.02.19_1a7f1515-768x1024.jpg\"><img loading=\"lazy\" decoding=\"async\" width=\"768\" height=\"1024\" data-id=\"61374\" src=\"https:\/\/www.carpinteria-aluminio.cat\/wp-content\/uploads\/2025\/01\/Imagen-de-WhatsApp-2025-01-14-a-las-17.02.19_1a7f1515-768x1024.jpg\" alt=\"\" class=\"wp-image-61374\" srcset=\"https:\/\/www.carpinteria-aluminio.cat\/wp-content\/uploads\/2025\/01\/Imagen-de-WhatsApp-2025-01-14-a-las-17.02.19_1a7f1515-768x1024.jpg 768w, https:\/\/www.carpinteria-aluminio.cat\/wp-content\/uploads\/2025\/01\/Imagen-de-WhatsApp-2025-01-14-a-las-17.02.19_1a7f1515-225x300.jpg 225w, https:\/\/www.carpinteria-aluminio.cat\/wp-content\/uploads\/2025\/01\/Imagen-de-WhatsApp-2025-01-14-a-las-17.02.19_1a7f1515-1152x1536.jpg 1152w, https:\/\/www.carpinteria-aluminio.cat\/wp-content\/uploads\/2025\/01\/Imagen-de-WhatsApp-2025-01-14-a-las-17.02.19_1a7f1515-56x75.jpg 56w, https:\/\/www.carpinteria-aluminio.cat\/wp-content\/uploads\/2025\/01\/Imagen-de-WhatsApp-2025-01-14-a-las-17.02.19_1a7f1515-480x640.jpg 480w, https:\/\/www.carpinteria-aluminio.cat\/wp-content\/uploads\/2025\/01\/Imagen-de-WhatsApp-2025-01-14-a-las-17.02.19_1a7f1515.jpg 1200w\" sizes=\"auto, (max-width:767px) 480px, (max-width:768px) 100vw, 768px\" \/><\/a><\/figure>\n\n\n\n<figure class=\"wp-block-image size-large\"><a href=\"https:\/\/www.carpinteria-aluminio.cat\/wp-content\/uploads\/2025\/01\/Imagen-de-WhatsApp-2025-01-14-a-las-17.02.19_9ad7061c-768x1024.jpg\"><img loading=\"lazy\" decoding=\"async\" width=\"768\" height=\"1024\" data-id=\"61364\" src=\"https:\/\/www.carpinteria-aluminio.cat\/wp-content\/uploads\/2025\/01\/Imagen-de-WhatsApp-2025-01-14-a-las-17.02.19_9ad7061c-768x1024.jpg\" alt=\"\" class=\"wp-image-61364\" srcset=\"https:\/\/www.carpinteria-aluminio.cat\/wp-content\/uploads\/2025\/01\/Imagen-de-WhatsApp-2025-01-14-a-las-17.02.19_9ad7061c-768x1024.jpg 768w, https:\/\/www.carpinteria-aluminio.cat\/wp-content\/uploads\/2025\/01\/Imagen-de-WhatsApp-2025-01-14-a-las-17.02.19_9ad7061c-225x300.jpg 225w, https:\/\/www.carpinteria-aluminio.cat\/wp-content\/uploads\/2025\/01\/Imagen-de-WhatsApp-2025-01-14-a-las-17.02.19_9ad7061c-1152x1536.jpg 1152w, https:\/\/www.carpinteria-aluminio.cat\/wp-content\/uploads\/2025\/01\/Imagen-de-WhatsApp-2025-01-14-a-las-17.02.19_9ad7061c-56x75.jpg 56w, https:\/\/www.carpinteria-aluminio.cat\/wp-content\/uploads\/2025\/01\/Imagen-de-WhatsApp-2025-01-14-a-las-17.02.19_9ad7061c-480x640.jpg 480w, https:\/\/www.carpinteria-aluminio.cat\/wp-content\/uploads\/2025\/01\/Imagen-de-WhatsApp-2025-01-14-a-las-17.02.19_9ad7061c.jpg 1200w\" sizes=\"auto, (max-width:767px) 480px, (max-width:768px) 100vw, 768px\" \/><\/a><\/figure>\n\n\n\n<figure class=\"wp-block-image size-large\"><a href=\"https:\/\/www.carpinteria-aluminio.cat\/wp-content\/uploads\/2025\/01\/Imagen-de-WhatsApp-2025-01-14-a-las-17.02.19_1d5471a7-768x1024.jpg\"><img loading=\"lazy\" decoding=\"async\" width=\"768\" height=\"1024\" data-id=\"61365\" src=\"https:\/\/www.carpinteria-aluminio.cat\/wp-content\/uploads\/2025\/01\/Imagen-de-WhatsApp-2025-01-14-a-las-17.02.19_1d5471a7-768x1024.jpg\" alt=\"\" class=\"wp-image-61365\" srcset=\"https:\/\/www.carpinteria-aluminio.cat\/wp-content\/uploads\/2025\/01\/Imagen-de-WhatsApp-2025-01-14-a-las-17.02.19_1d5471a7-768x1024.jpg 768w, https:\/\/www.carpinteria-aluminio.cat\/wp-content\/uploads\/2025\/01\/Imagen-de-WhatsApp-2025-01-14-a-las-17.02.19_1d5471a7-225x300.jpg 225w, https:\/\/www.carpinteria-aluminio.cat\/wp-content\/uploads\/2025\/01\/Imagen-de-WhatsApp-2025-01-14-a-las-17.02.19_1d5471a7-56x75.jpg 56w, https:\/\/www.carpinteria-aluminio.cat\/wp-content\/uploads\/2025\/01\/Imagen-de-WhatsApp-2025-01-14-a-las-17.02.19_1d5471a7-480x640.jpg 480w, https:\/\/www.carpinteria-aluminio.cat\/wp-content\/uploads\/2025\/01\/Imagen-de-WhatsApp-2025-01-14-a-las-17.02.19_1d5471a7.jpg 1119w\" sizes=\"auto, (max-width:767px) 480px, (max-width:768px) 100vw, 768px\" \/><\/a><\/figure>\n<\/figure>\n","protected":false},"excerpt":{"rendered":"<p>Kleiderschrank bestehend aus festen Paneelen und einer vorderen Fl\u00fcgelt\u00fcr, hergestellt aus Sandwichblech und Profil der Serie 350EUR in wei\u00dfem Lack.<\/p>\n","protected":false},"author":2,"featured_media":61371,"comment_status":"closed","ping_status":"closed","sticky":false,"template":"","format":"standard","meta":{"_joinchat":[],"footnotes":""},"categories":[1322],"tags":[1326,1324,1332,1323,1330,1331,1325,1329,1328,1327],"class_list":["post-61384","post","type-post","status-publish","format-standard","has-post-thumbnail","hentry","category-durchgefuhrte-arbeit","tag-alumini-de","tag-aluminium-de","tag-aluminium-fenster","tag-aluminium-gehause-barcelona","tag-aluminiumprofil-oberflachen","tag-balkon","tag-barcelona-de","tag-fenster","tag-glas","tag-lackiert"],"aioseo_notices":[],"_links":{"self":[{"href":"https:\/\/www.carpinteria-aluminio.cat\/de\/wp-json\/wp\/v2\/posts\/61384","targetHints":{"allow":["GET"]}}],"collection":[{"href":"https:\/\/www.carpinteria-aluminio.cat\/de\/wp-json\/wp\/v2\/posts"}],"about":[{"href":"https:\/\/www.carpinteria-aluminio.cat\/de\/wp-json\/wp\/v2\/types\/post"}],"author":[{"embeddable":true,"href":"https:\/\/www.carpinteria-aluminio.cat\/de\/wp-json\/wp\/v2\/users\/2"}],"replies":[{"embeddable":true,"href":"https:\/\/www.carpinteria-aluminio.cat\/de\/wp-json\/wp\/v2\/comments?post=61384"}],"version-history":[{"count":2,"href":"https:\/\/www.carpinteria-aluminio.cat\/de\/wp-json\/wp\/v2\/posts\/61384\/revisions"}],"predecessor-version":[{"id":61390,"href":"https:\/\/www.carpinteria-aluminio.cat\/de\/wp-json\/wp\/v2\/posts\/61384\/revisions\/61390"}],"wp:featuredmedia":[{"embeddable":true,"href":"https:\/\/www.carpinteria-aluminio.cat\/de\/wp-json\/wp\/v2\/media\/61371"}],"wp:attachment":[{"href":"https:\/\/www.carpinteria-aluminio.cat\/de\/wp-json\/wp\/v2\/media?parent=61384"}],"wp:term":[{"taxonomy":"category","embeddable":true,"href":"https:\/\/www.carpinteria-aluminio.cat\/de\/wp-json\/wp\/v2\/categories?post=61384"},{"taxonomy":"post_tag","embeddable":true,"href":"https:\/\/www.carpinteria-aluminio.cat\/de\/wp-json\/wp\/v2\/tags?post=61384"}],"curies":[{"name":"wp","href":"https:\/\/api.w.org\/{rel}","templated":true}]}}