{"id":62823,"date":"2025-02-21T09:33:56","date_gmt":"2025-02-21T08:33:56","guid":{"rendered":"https:\/\/www.carpinteria-aluminio.cat\/?p=62823"},"modified":"2025-02-21T09:33:56","modified_gmt":"2025-02-21T08:33:56","slug":"wir-ersetzten-die-alte-holzueberdachung-durch-eine-neue-aluminiumkonstruktion-die-effizienter-und-aesthetisch-ansprechender-ist-und-mehr-licht-hereinlaesst","status":"publish","type":"post","link":"https:\/\/www.carpinteria-aluminio.cat\/de\/wir-ersetzten-die-alte-holzueberdachung-durch-eine-neue-aluminiumkonstruktion-die-effizienter-und-aesthetisch-ansprechender-ist-und-mehr-licht-hereinlaesst\/","title":{"rendered":"Wir ersetzten die alte Holz\u00fcberdachung durch eine neue Aluminiumkonstruktion, die effizienter und \u00e4sthetisch ansprechender ist und mehr Licht hereinl\u00e4sst."},"content":{"rendered":"\n<p>Wir ersetzten die alte Holz\u00fcberdachung durch eine neue Aluminiumkonstruktion, die effizienter und \u00e4sthetisch ansprechender ist und mehr Licht hereinl\u00e4sst.<\/p>\n\n<p>Das Geh\u00e4use besteht aus einer einfl\u00fcgeligen Fl\u00fcgelt\u00fcr mit climalit\u00ae 4-16-4 Sonnenschutzglas aus der Serie 350 EUR. in wei\u00dfem Lack, die mit einem Monoblock-Verschluss (stil bloc) mit 45 mm Futter ausgestattet ist, und einem zweifl\u00fcgeligen Schiebefenster mit climalit\u00ae 4-10-4 Sonnenschutzglas aus der Serie SILVER 70 Straight Crossing in wei\u00dfem Lack, ebenfalls mit einem Monoblock-Verschluss (stil bloc) mit 45 mm Futter. <\/p>\n\n<figure class=\"wp-block-gallery has-nested-images columns-default is-cropped wp-block-gallery-1 is-layout-flex wp-block-gallery-is-layout-flex\">\n<figure class=\"wp-block-image size-large\"><a href=\"https:\/\/www.carpinteria-aluminio.cat\/wp-content\/uploads\/2025\/02\/IMG-20250209-WA0002.jpg\"><img loading=\"lazy\" decoding=\"async\" width=\"768\" height=\"1024\" data-id=\"62513\" src=\"https:\/\/www.carpinteria-aluminio.cat\/wp-content\/uploads\/2025\/02\/IMG-20250209-WA0002-768x1024.jpg\" alt=\"\" class=\"wp-image-62513\" srcset=\"https:\/\/www.carpinteria-aluminio.cat\/wp-content\/uploads\/2025\/02\/IMG-20250209-WA0002-768x1024.jpg 768w, https:\/\/www.carpinteria-aluminio.cat\/wp-content\/uploads\/2025\/02\/IMG-20250209-WA0002-225x300.jpg 225w, https:\/\/www.carpinteria-aluminio.cat\/wp-content\/uploads\/2025\/02\/IMG-20250209-WA0002-1152x1536.jpg 1152w, https:\/\/www.carpinteria-aluminio.cat\/wp-content\/uploads\/2025\/02\/IMG-20250209-WA0002-56x75.jpg 56w, https:\/\/www.carpinteria-aluminio.cat\/wp-content\/uploads\/2025\/02\/IMG-20250209-WA0002-480x640.jpg 480w, https:\/\/www.carpinteria-aluminio.cat\/wp-content\/uploads\/2025\/02\/IMG-20250209-WA0002.jpg 1536w\" sizes=\"auto, (max-width:767px) 480px, (max-width:768px) 100vw, 768px\" \/><\/a><\/figure>\n\n\n\n<figure class=\"wp-block-image size-large\"><a href=\"https:\/\/www.carpinteria-aluminio.cat\/wp-content\/uploads\/2025\/02\/IMG-20250209-WA0003-768x1024.jpg\"><img loading=\"lazy\" decoding=\"async\" width=\"768\" height=\"1024\" data-id=\"62511\" src=\"https:\/\/www.carpinteria-aluminio.cat\/wp-content\/uploads\/2025\/02\/IMG-20250209-WA0003-768x1024.jpg\" alt=\"\" class=\"wp-image-62511\" srcset=\"https:\/\/www.carpinteria-aluminio.cat\/wp-content\/uploads\/2025\/02\/IMG-20250209-WA0003-768x1024.jpg 768w, https:\/\/www.carpinteria-aluminio.cat\/wp-content\/uploads\/2025\/02\/IMG-20250209-WA0003-225x300.jpg 225w, https:\/\/www.carpinteria-aluminio.cat\/wp-content\/uploads\/2025\/02\/IMG-20250209-WA0003-1152x1536.jpg 1152w, https:\/\/www.carpinteria-aluminio.cat\/wp-content\/uploads\/2025\/02\/IMG-20250209-WA0003-56x75.jpg 56w, https:\/\/www.carpinteria-aluminio.cat\/wp-content\/uploads\/2025\/02\/IMG-20250209-WA0003-480x640.jpg 480w, https:\/\/www.carpinteria-aluminio.cat\/wp-content\/uploads\/2025\/02\/IMG-20250209-WA0003.jpg 1536w\" sizes=\"auto, (max-width:767px) 480px, (max-width:768px) 100vw, 768px\" \/><\/a><\/figure>\n<\/figure>\n","protected":false},"excerpt":{"rendered":"<p>Wir ersetzten die alte Holz\u00fcberdachung durch eine neue Aluminiumkonstruktion, die effizienter und \u00e4sthetisch ansprechender ist und mehr Licht hereinl\u00e4sst. Das Geh\u00e4use besteht aus einer einfl\u00fcgeligen Fl\u00fcgelt\u00fcr<span class=\"excerpt-hellip\"> [\u2026]<\/span><\/p>\n","protected":false},"author":2,"featured_media":62517,"comment_status":"closed","ping_status":"closed","sticky":false,"template":"","format":"standard","meta":{"_joinchat":[],"footnotes":""},"categories":[1322],"tags":[1326,1324,1332,1323,1330,1331,1325,1329,1328,1327],"class_list":["post-62823","post","type-post","status-publish","format-standard","has-post-thumbnail","hentry","category-durchgefuhrte-arbeit","tag-alumini-de","tag-aluminium-de","tag-aluminium-fenster","tag-aluminium-gehause-barcelona","tag-aluminiumprofil-oberflachen","tag-balkon","tag-barcelona-de","tag-fenster","tag-glas","tag-lackiert"],"aioseo_notices":[],"_links":{"self":[{"href":"https:\/\/www.carpinteria-aluminio.cat\/de\/wp-json\/wp\/v2\/posts\/62823","targetHints":{"allow":["GET"]}}],"collection":[{"href":"https:\/\/www.carpinteria-aluminio.cat\/de\/wp-json\/wp\/v2\/posts"}],"about":[{"href":"https:\/\/www.carpinteria-aluminio.cat\/de\/wp-json\/wp\/v2\/types\/post"}],"author":[{"embeddable":true,"href":"https:\/\/www.carpinteria-aluminio.cat\/de\/wp-json\/wp\/v2\/users\/2"}],"replies":[{"embeddable":true,"href":"https:\/\/www.carpinteria-aluminio.cat\/de\/wp-json\/wp\/v2\/comments?post=62823"}],"version-history":[{"count":2,"href":"https:\/\/www.carpinteria-aluminio.cat\/de\/wp-json\/wp\/v2\/posts\/62823\/revisions"}],"predecessor-version":[{"id":62828,"href":"https:\/\/www.carpinteria-aluminio.cat\/de\/wp-json\/wp\/v2\/posts\/62823\/revisions\/62828"}],"wp:featuredmedia":[{"embeddable":true,"href":"https:\/\/www.carpinteria-aluminio.cat\/de\/wp-json\/wp\/v2\/media\/62517"}],"wp:attachment":[{"href":"https:\/\/www.carpinteria-aluminio.cat\/de\/wp-json\/wp\/v2\/media?parent=62823"}],"wp:term":[{"taxonomy":"category","embeddable":true,"href":"https:\/\/www.carpinteria-aluminio.cat\/de\/wp-json\/wp\/v2\/categories?post=62823"},{"taxonomy":"post_tag","embeddable":true,"href":"https:\/\/www.carpinteria-aluminio.cat\/de\/wp-json\/wp\/v2\/tags?post=62823"}],"curies":[{"name":"wp","href":"https:\/\/api.w.org\/{rel}","templated":true}]}}