{"id":62908,"date":"2025-02-23T10:41:11","date_gmt":"2025-02-23T09:41:11","guid":{"rendered":"https:\/\/www.carpinteria-aluminio.cat\/?p=62908"},"modified":"2025-02-23T10:41:15","modified_gmt":"2025-02-23T09:41:15","slug":"tuer-und-fluegelfenster-mit-climalit-4-16-4-carglas-new-sunguard-glas-und-thermoakustischem-lamellenregister","status":"publish","type":"post","link":"https:\/\/www.carpinteria-aluminio.cat\/de\/tuer-und-fluegelfenster-mit-climalit-4-16-4-carglas-new-sunguard-glas-und-thermoakustischem-lamellenregister\/","title":{"rendered":"T\u00fcr und Fl\u00fcgelfenster mit climalit\u00ae 4-16-4 carglas new sunguard Glas und thermoakustischem Lamellenregister"},"content":{"rendered":"\n<p>Einscheiben-Balkonfenster mit climalit\u00ae 4-16-4 carglas new sunguard Glas aus der Serie 350 EUR. in wei\u00dfer Lackierung, mit 60 x 44 mm Futter. Gr\u00f6\u00dfe: 700 x 2000 mm.  <\/p>\n\n<p>Fl\u00fcgelfenster mit climalit\u00ae 4-16-4 carglas new sunguard Glas aus der Serie 350 EUR. in wei\u00dfem Lack mit individuellem thermoakustischem Rollladenregister, mit 60 x 44 mm Futter. Abmessungen: 780 x 1100 + 340 mm.  <\/p>\n\n<figure class=\"wp-block-gallery has-nested-images columns-default is-cropped wp-block-gallery-1 is-layout-flex wp-block-gallery-is-layout-flex\">\n<figure class=\"wp-block-image size-large\"><a href=\"https:\/\/www.carpinteria-aluminio.cat\/wp-content\/uploads\/2025\/02\/Imagen-de-WhatsApp-2025-02-20-a-las-21.09.35_6ff1f484-768x1024.jpg\"><img loading=\"lazy\" decoding=\"async\" width=\"768\" height=\"1024\" data-id=\"62895\" src=\"https:\/\/www.carpinteria-aluminio.cat\/wp-content\/uploads\/2025\/02\/Imagen-de-WhatsApp-2025-02-20-a-las-21.09.35_6ff1f484-768x1024.jpg\" alt=\"\" class=\"wp-image-62895\" srcset=\"https:\/\/www.carpinteria-aluminio.cat\/wp-content\/uploads\/2025\/02\/Imagen-de-WhatsApp-2025-02-20-a-las-21.09.35_6ff1f484-768x1024.jpg 768w, https:\/\/www.carpinteria-aluminio.cat\/wp-content\/uploads\/2025\/02\/Imagen-de-WhatsApp-2025-02-20-a-las-21.09.35_6ff1f484-225x300.jpg 225w, https:\/\/www.carpinteria-aluminio.cat\/wp-content\/uploads\/2025\/02\/Imagen-de-WhatsApp-2025-02-20-a-las-21.09.35_6ff1f484-1152x1536.jpg 1152w, https:\/\/www.carpinteria-aluminio.cat\/wp-content\/uploads\/2025\/02\/Imagen-de-WhatsApp-2025-02-20-a-las-21.09.35_6ff1f484-56x75.jpg 56w, https:\/\/www.carpinteria-aluminio.cat\/wp-content\/uploads\/2025\/02\/Imagen-de-WhatsApp-2025-02-20-a-las-21.09.35_6ff1f484-480x640.jpg 480w, https:\/\/www.carpinteria-aluminio.cat\/wp-content\/uploads\/2025\/02\/Imagen-de-WhatsApp-2025-02-20-a-las-21.09.35_6ff1f484.jpg 1536w\" sizes=\"auto, (max-width:767px) 480px, (max-width:768px) 100vw, 768px\" \/><\/a><\/figure>\n<\/figure>\n","protected":false},"excerpt":{"rendered":"<p>Einscheiben-Balkonfenster mit climalit\u00ae 4-16-4 carglas new sunguard Glas aus der Serie 350 EUR. in wei\u00dfer Lackierung, mit 60 x 44 mm Futter. Gr\u00f6\u00dfe: 700 x 2000<span class=\"excerpt-hellip\"> [\u2026]<\/span><\/p>\n","protected":false},"author":2,"featured_media":62899,"comment_status":"closed","ping_status":"closed","sticky":false,"template":"","format":"standard","meta":{"_joinchat":[],"footnotes":""},"categories":[1322],"tags":[1326,1324,1332,1323,1330,1331,1325,1329,1328,1327],"class_list":["post-62908","post","type-post","status-publish","format-standard","has-post-thumbnail","hentry","category-durchgefuhrte-arbeit","tag-alumini-de","tag-aluminium-de","tag-aluminium-fenster","tag-aluminium-gehause-barcelona","tag-aluminiumprofil-oberflachen","tag-balkon","tag-barcelona-de","tag-fenster","tag-glas","tag-lackiert"],"aioseo_notices":[],"_links":{"self":[{"href":"https:\/\/www.carpinteria-aluminio.cat\/de\/wp-json\/wp\/v2\/posts\/62908","targetHints":{"allow":["GET"]}}],"collection":[{"href":"https:\/\/www.carpinteria-aluminio.cat\/de\/wp-json\/wp\/v2\/posts"}],"about":[{"href":"https:\/\/www.carpinteria-aluminio.cat\/de\/wp-json\/wp\/v2\/types\/post"}],"author":[{"embeddable":true,"href":"https:\/\/www.carpinteria-aluminio.cat\/de\/wp-json\/wp\/v2\/users\/2"}],"replies":[{"embeddable":true,"href":"https:\/\/www.carpinteria-aluminio.cat\/de\/wp-json\/wp\/v2\/comments?post=62908"}],"version-history":[{"count":2,"href":"https:\/\/www.carpinteria-aluminio.cat\/de\/wp-json\/wp\/v2\/posts\/62908\/revisions"}],"predecessor-version":[{"id":62912,"href":"https:\/\/www.carpinteria-aluminio.cat\/de\/wp-json\/wp\/v2\/posts\/62908\/revisions\/62912"}],"wp:featuredmedia":[{"embeddable":true,"href":"https:\/\/www.carpinteria-aluminio.cat\/de\/wp-json\/wp\/v2\/media\/62899"}],"wp:attachment":[{"href":"https:\/\/www.carpinteria-aluminio.cat\/de\/wp-json\/wp\/v2\/media?parent=62908"}],"wp:term":[{"taxonomy":"category","embeddable":true,"href":"https:\/\/www.carpinteria-aluminio.cat\/de\/wp-json\/wp\/v2\/categories?post=62908"},{"taxonomy":"post_tag","embeddable":true,"href":"https:\/\/www.carpinteria-aluminio.cat\/de\/wp-json\/wp\/v2\/tags?post=62908"}],"curies":[{"name":"wp","href":"https:\/\/api.w.org\/{rel}","templated":true}]}}