{"id":64255,"date":"2025-03-26T20:11:53","date_gmt":"2025-03-26T19:11:53","guid":{"rendered":"https:\/\/www.carpinteria-aluminio.cat\/?p=64255"},"modified":"2025-03-26T20:11:54","modified_gmt":"2025-03-26T19:11:54","slug":"doppeltes-drehkippfenster-mit-climalit-4-16-4-sonnenschutzglas-mit-thermoakustischem-lamellenregister","status":"publish","type":"post","link":"https:\/\/www.carpinteria-aluminio.cat\/de\/doppeltes-drehkippfenster-mit-climalit-4-16-4-sonnenschutzglas-mit-thermoakustischem-lamellenregister\/","title":{"rendered":"Doppeltes Drehkippfenster mit climalit\u00ae 4-16-4 Sonnenschutzglas mit thermoakustischem Lamellenregister"},"content":{"rendered":"\n<p>Zweifl\u00fcgeliges Drehkippfenster mit climalit\u00ae 4-16-4 Sonnenschutzglas aus der Serie 350 EUR. in wei\u00dfem Lack mit individuellem thermoakustischem Rollladenregister, mit 45 mm Futter. Gr\u00f6\u00dfe: 1480 x 1100 + 330 mm.  <\/p>\n\n<figure class=\"wp-block-gallery has-nested-images columns-default is-cropped wp-block-gallery-1 is-layout-flex wp-block-gallery-is-layout-flex\">\n<figure class=\"wp-block-image size-large\"><a href=\"https:\/\/www.carpinteria-aluminio.cat\/wp-content\/uploads\/2025\/03\/Imagen-de-WhatsApp-2025-03-20-a-las-09.36.28_2ed76727-768x1024.jpg\"><img loading=\"lazy\" decoding=\"async\" width=\"768\" height=\"1024\" data-id=\"64030\" src=\"https:\/\/www.carpinteria-aluminio.cat\/wp-content\/uploads\/2025\/03\/Imagen-de-WhatsApp-2025-03-20-a-las-09.36.28_2ed76727-768x1024.jpg\" alt=\"\" class=\"wp-image-64030\" srcset=\"https:\/\/www.carpinteria-aluminio.cat\/wp-content\/uploads\/2025\/03\/Imagen-de-WhatsApp-2025-03-20-a-las-09.36.28_2ed76727-768x1024.jpg 768w, https:\/\/www.carpinteria-aluminio.cat\/wp-content\/uploads\/2025\/03\/Imagen-de-WhatsApp-2025-03-20-a-las-09.36.28_2ed76727-225x300.jpg 225w, https:\/\/www.carpinteria-aluminio.cat\/wp-content\/uploads\/2025\/03\/Imagen-de-WhatsApp-2025-03-20-a-las-09.36.28_2ed76727-1152x1536.jpg 1152w, https:\/\/www.carpinteria-aluminio.cat\/wp-content\/uploads\/2025\/03\/Imagen-de-WhatsApp-2025-03-20-a-las-09.36.28_2ed76727-56x75.jpg 56w, https:\/\/www.carpinteria-aluminio.cat\/wp-content\/uploads\/2025\/03\/Imagen-de-WhatsApp-2025-03-20-a-las-09.36.28_2ed76727-480x640.jpg 480w, https:\/\/www.carpinteria-aluminio.cat\/wp-content\/uploads\/2025\/03\/Imagen-de-WhatsApp-2025-03-20-a-las-09.36.28_2ed76727.jpg 1200w\" sizes=\"auto, (max-width:767px) 480px, (max-width:768px) 100vw, 768px\" \/><\/a><\/figure>\n\n\n\n<figure class=\"wp-block-image size-large\"><a href=\"https:\/\/www.carpinteria-aluminio.cat\/wp-content\/uploads\/2025\/03\/Imagen-de-WhatsApp-2025-03-20-a-las-09.36.28_a0f15d9a-768x1024.jpg\"><img loading=\"lazy\" decoding=\"async\" width=\"768\" height=\"1024\" data-id=\"64035\" src=\"https:\/\/www.carpinteria-aluminio.cat\/wp-content\/uploads\/2025\/03\/Imagen-de-WhatsApp-2025-03-20-a-las-09.36.28_a0f15d9a-768x1024.jpg\" alt=\"\" class=\"wp-image-64035\" srcset=\"https:\/\/www.carpinteria-aluminio.cat\/wp-content\/uploads\/2025\/03\/Imagen-de-WhatsApp-2025-03-20-a-las-09.36.28_a0f15d9a-768x1024.jpg 768w, https:\/\/www.carpinteria-aluminio.cat\/wp-content\/uploads\/2025\/03\/Imagen-de-WhatsApp-2025-03-20-a-las-09.36.28_a0f15d9a-225x300.jpg 225w, https:\/\/www.carpinteria-aluminio.cat\/wp-content\/uploads\/2025\/03\/Imagen-de-WhatsApp-2025-03-20-a-las-09.36.28_a0f15d9a-1152x1536.jpg 1152w, https:\/\/www.carpinteria-aluminio.cat\/wp-content\/uploads\/2025\/03\/Imagen-de-WhatsApp-2025-03-20-a-las-09.36.28_a0f15d9a-56x75.jpg 56w, https:\/\/www.carpinteria-aluminio.cat\/wp-content\/uploads\/2025\/03\/Imagen-de-WhatsApp-2025-03-20-a-las-09.36.28_a0f15d9a-480x640.jpg 480w, https:\/\/www.carpinteria-aluminio.cat\/wp-content\/uploads\/2025\/03\/Imagen-de-WhatsApp-2025-03-20-a-las-09.36.28_a0f15d9a.jpg 1200w\" sizes=\"auto, (max-width:767px) 480px, (max-width:768px) 100vw, 768px\" \/><\/a><\/figure>\n\n\n\n<figure class=\"wp-block-image size-large\"><a href=\"https:\/\/www.carpinteria-aluminio.cat\/wp-content\/uploads\/2025\/03\/Imagen-de-WhatsApp-2025-03-20-a-las-09.36.28_bf86408a-768x1024.jpg\"><img loading=\"lazy\" decoding=\"async\" width=\"768\" height=\"1024\" data-id=\"64036\" src=\"https:\/\/www.carpinteria-aluminio.cat\/wp-content\/uploads\/2025\/03\/Imagen-de-WhatsApp-2025-03-20-a-las-09.36.28_bf86408a-768x1024.jpg\" alt=\"\" class=\"wp-image-64036\" srcset=\"https:\/\/www.carpinteria-aluminio.cat\/wp-content\/uploads\/2025\/03\/Imagen-de-WhatsApp-2025-03-20-a-las-09.36.28_bf86408a-768x1024.jpg 768w, https:\/\/www.carpinteria-aluminio.cat\/wp-content\/uploads\/2025\/03\/Imagen-de-WhatsApp-2025-03-20-a-las-09.36.28_bf86408a-225x300.jpg 225w, https:\/\/www.carpinteria-aluminio.cat\/wp-content\/uploads\/2025\/03\/Imagen-de-WhatsApp-2025-03-20-a-las-09.36.28_bf86408a-1152x1536.jpg 1152w, https:\/\/www.carpinteria-aluminio.cat\/wp-content\/uploads\/2025\/03\/Imagen-de-WhatsApp-2025-03-20-a-las-09.36.28_bf86408a-56x75.jpg 56w, https:\/\/www.carpinteria-aluminio.cat\/wp-content\/uploads\/2025\/03\/Imagen-de-WhatsApp-2025-03-20-a-las-09.36.28_bf86408a-480x640.jpg 480w, https:\/\/www.carpinteria-aluminio.cat\/wp-content\/uploads\/2025\/03\/Imagen-de-WhatsApp-2025-03-20-a-las-09.36.28_bf86408a.jpg 1200w\" sizes=\"auto, (max-width:767px) 480px, (max-width:768px) 100vw, 768px\" \/><\/a><\/figure>\n<\/figure>\n","protected":false},"excerpt":{"rendered":"<p>Zweifl\u00fcgeliges Drehkippfenster mit climalit\u00ae 4-16-4 Sonnenschutzglas aus der Serie 350 EUR. in wei\u00dfem Lack mit individuellem thermoakustischem Rollladenregister, mit 45 mm Futter. Gr\u00f6\u00dfe: 1480 x 1100<span class=\"excerpt-hellip\"> [\u2026]<\/span><\/p>\n","protected":false},"author":2,"featured_media":64034,"comment_status":"closed","ping_status":"closed","sticky":false,"template":"","format":"standard","meta":{"_joinchat":[],"footnotes":""},"categories":[1322],"tags":[1326,1324,1332,1323,1330,1331,1325,1329,1328,1327],"class_list":["post-64255","post","type-post","status-publish","format-standard","has-post-thumbnail","hentry","category-durchgefuhrte-arbeit","tag-alumini-de","tag-aluminium-de","tag-aluminium-fenster","tag-aluminium-gehause-barcelona","tag-aluminiumprofil-oberflachen","tag-balkon","tag-barcelona-de","tag-fenster","tag-glas","tag-lackiert"],"aioseo_notices":[],"_links":{"self":[{"href":"https:\/\/www.carpinteria-aluminio.cat\/de\/wp-json\/wp\/v2\/posts\/64255","targetHints":{"allow":["GET"]}}],"collection":[{"href":"https:\/\/www.carpinteria-aluminio.cat\/de\/wp-json\/wp\/v2\/posts"}],"about":[{"href":"https:\/\/www.carpinteria-aluminio.cat\/de\/wp-json\/wp\/v2\/types\/post"}],"author":[{"embeddable":true,"href":"https:\/\/www.carpinteria-aluminio.cat\/de\/wp-json\/wp\/v2\/users\/2"}],"replies":[{"embeddable":true,"href":"https:\/\/www.carpinteria-aluminio.cat\/de\/wp-json\/wp\/v2\/comments?post=64255"}],"version-history":[{"count":2,"href":"https:\/\/www.carpinteria-aluminio.cat\/de\/wp-json\/wp\/v2\/posts\/64255\/revisions"}],"predecessor-version":[{"id":64261,"href":"https:\/\/www.carpinteria-aluminio.cat\/de\/wp-json\/wp\/v2\/posts\/64255\/revisions\/64261"}],"wp:featuredmedia":[{"embeddable":true,"href":"https:\/\/www.carpinteria-aluminio.cat\/de\/wp-json\/wp\/v2\/media\/64034"}],"wp:attachment":[{"href":"https:\/\/www.carpinteria-aluminio.cat\/de\/wp-json\/wp\/v2\/media?parent=64255"}],"wp:term":[{"taxonomy":"category","embeddable":true,"href":"https:\/\/www.carpinteria-aluminio.cat\/de\/wp-json\/wp\/v2\/categories?post=64255"},{"taxonomy":"post_tag","embeddable":true,"href":"https:\/\/www.carpinteria-aluminio.cat\/de\/wp-json\/wp\/v2\/tags?post=64255"}],"curies":[{"name":"wp","href":"https:\/\/api.w.org\/{rel}","templated":true}]}}