{"id":68004,"date":"2025-06-14T09:15:04","date_gmt":"2025-06-14T08:15:04","guid":{"rendered":"https:\/\/www.carpinteria-aluminio.cat\/?p=68004"},"modified":"2025-06-14T09:15:05","modified_gmt":"2025-06-14T08:15:05","slug":"mattschwarz-lackierte-struktur-und-climalitglas-4-12-44-stille-mit-motorisiertem-klappfenster-oben","status":"publish","type":"post","link":"https:\/\/www.carpinteria-aluminio.cat\/de\/mattschwarz-lackierte-struktur-und-climalitglas-4-12-44-stille-mit-motorisiertem-klappfenster-oben\/","title":{"rendered":"Mattschwarz lackierte Struktur und Climalitglas 4\/12\/4+4 Stille mit motorisiertem Klappfenster oben."},"content":{"rendered":"\n<p>Struktur mit climalit 4\/12\/4+4 Silence-Glas der Serie 350 EUR. in standardm\u00e4\u00dfiger mattschwarzer Lackierung, mit 45 mm Verkleidung und einer einfl\u00fcgeligen T\u00fcr mit mattschwarzer Aluminium-Jalousieplatte + 20 mm wasserabweisendem Innen-DM + 3-Punkt-Schloss. Gr\u00f6\u00dfe: 1880 x 2100 mm.  <\/p>\n\n<p>Oberes Klappfenster mit Climalit 4\/12\/4+4 Silence-Glas aus der Serie 350 EUR. Standardm\u00e4\u00dfig mattschwarz lackiert, mit 45 mm Futter. Ma\u00dfe: 1880 x 530 mm. Motor f\u00fcr Fl\u00fcgelfenster mit festem, wandmontiertem Druckknopf.   <\/p>\n\n<figure class=\"wp-block-gallery has-nested-images columns-default is-cropped wp-block-gallery-1 is-layout-flex wp-block-gallery-is-layout-flex\">\n<figure class=\"wp-block-image size-large\"><a href=\"https:\/\/www.carpinteria-aluminio.cat\/wp-content\/uploads\/2025\/06\/Imagen-de-WhatsApp-2025-05-21-a-las-16.57.53_7bea1eb3-1-768x1024.jpg\"><img loading=\"lazy\" decoding=\"async\" width=\"768\" height=\"1024\" data-id=\"67994\" src=\"https:\/\/www.carpinteria-aluminio.cat\/wp-content\/uploads\/2025\/06\/Imagen-de-WhatsApp-2025-05-21-a-las-16.57.53_7bea1eb3-1-768x1024.jpg\" alt=\"\" class=\"wp-image-67994\" srcset=\"https:\/\/www.carpinteria-aluminio.cat\/wp-content\/uploads\/2025\/06\/Imagen-de-WhatsApp-2025-05-21-a-las-16.57.53_7bea1eb3-1-768x1024.jpg 768w, https:\/\/www.carpinteria-aluminio.cat\/wp-content\/uploads\/2025\/06\/Imagen-de-WhatsApp-2025-05-21-a-las-16.57.53_7bea1eb3-1-225x300.jpg 225w, https:\/\/www.carpinteria-aluminio.cat\/wp-content\/uploads\/2025\/06\/Imagen-de-WhatsApp-2025-05-21-a-las-16.57.53_7bea1eb3-1-1152x1536.jpg 1152w, https:\/\/www.carpinteria-aluminio.cat\/wp-content\/uploads\/2025\/06\/Imagen-de-WhatsApp-2025-05-21-a-las-16.57.53_7bea1eb3-1-56x75.jpg 56w, https:\/\/www.carpinteria-aluminio.cat\/wp-content\/uploads\/2025\/06\/Imagen-de-WhatsApp-2025-05-21-a-las-16.57.53_7bea1eb3-1-480x640.jpg 480w, https:\/\/www.carpinteria-aluminio.cat\/wp-content\/uploads\/2025\/06\/Imagen-de-WhatsApp-2025-05-21-a-las-16.57.53_7bea1eb3-1.jpg 1200w\" sizes=\"auto, (max-width:767px) 480px, (max-width:768px) 100vw, 768px\" \/><\/a><\/figure>\n\n\n\n<figure class=\"wp-block-image size-large\"><a href=\"https:\/\/www.carpinteria-aluminio.cat\/wp-content\/uploads\/2025\/06\/Imagen-de-WhatsApp-2025-05-21-a-las-16.57.54_e267e515-copia-1.jpg\"><img loading=\"lazy\" decoding=\"async\" width=\"768\" height=\"1024\" data-id=\"67993\" src=\"https:\/\/www.carpinteria-aluminio.cat\/wp-content\/uploads\/2025\/06\/Imagen-de-WhatsApp-2025-05-21-a-las-16.57.54_e267e515-copia-1-768x1024.jpg\" alt=\"\" class=\"wp-image-67993\" srcset=\"https:\/\/www.carpinteria-aluminio.cat\/wp-content\/uploads\/2025\/06\/Imagen-de-WhatsApp-2025-05-21-a-las-16.57.54_e267e515-copia-1-768x1024.jpg 768w, https:\/\/www.carpinteria-aluminio.cat\/wp-content\/uploads\/2025\/06\/Imagen-de-WhatsApp-2025-05-21-a-las-16.57.54_e267e515-copia-1-225x300.jpg 225w, https:\/\/www.carpinteria-aluminio.cat\/wp-content\/uploads\/2025\/06\/Imagen-de-WhatsApp-2025-05-21-a-las-16.57.54_e267e515-copia-1-1152x1536.jpg 1152w, https:\/\/www.carpinteria-aluminio.cat\/wp-content\/uploads\/2025\/06\/Imagen-de-WhatsApp-2025-05-21-a-las-16.57.54_e267e515-copia-1-56x75.jpg 56w, https:\/\/www.carpinteria-aluminio.cat\/wp-content\/uploads\/2025\/06\/Imagen-de-WhatsApp-2025-05-21-a-las-16.57.54_e267e515-copia-1-480x640.jpg 480w, https:\/\/www.carpinteria-aluminio.cat\/wp-content\/uploads\/2025\/06\/Imagen-de-WhatsApp-2025-05-21-a-las-16.57.54_e267e515-copia-1.jpg 1200w\" sizes=\"auto, (max-width:767px) 480px, (max-width:768px) 100vw, 768px\" \/><\/a><\/figure>\n<\/figure>\n","protected":false},"excerpt":{"rendered":"<p>Struktur mit climalit 4\/12\/4+4 Silence-Glas der Serie 350 EUR. in standardm\u00e4\u00dfiger mattschwarzer Lackierung, mit 45 mm Verkleidung und einer einfl\u00fcgeligen T\u00fcr mit mattschwarzer Aluminium-Jalousieplatte + 20<span class=\"excerpt-hellip\"> [\u2026]<\/span><\/p>\n","protected":false},"author":2,"featured_media":67568,"comment_status":"closed","ping_status":"closed","sticky":false,"template":"","format":"standard","meta":{"_joinchat":[],"footnotes":""},"categories":[1322],"tags":[1326,1324,1332,1323,1330,1331,1325,1329,1328,1327],"class_list":["post-68004","post","type-post","status-publish","format-standard","has-post-thumbnail","hentry","category-durchgefuhrte-arbeit","tag-alumini-de","tag-aluminium-de","tag-aluminium-fenster","tag-aluminium-gehause-barcelona","tag-aluminiumprofil-oberflachen","tag-balkon","tag-barcelona-de","tag-fenster","tag-glas","tag-lackiert"],"aioseo_notices":[],"_links":{"self":[{"href":"https:\/\/www.carpinteria-aluminio.cat\/de\/wp-json\/wp\/v2\/posts\/68004","targetHints":{"allow":["GET"]}}],"collection":[{"href":"https:\/\/www.carpinteria-aluminio.cat\/de\/wp-json\/wp\/v2\/posts"}],"about":[{"href":"https:\/\/www.carpinteria-aluminio.cat\/de\/wp-json\/wp\/v2\/types\/post"}],"author":[{"embeddable":true,"href":"https:\/\/www.carpinteria-aluminio.cat\/de\/wp-json\/wp\/v2\/users\/2"}],"replies":[{"embeddable":true,"href":"https:\/\/www.carpinteria-aluminio.cat\/de\/wp-json\/wp\/v2\/comments?post=68004"}],"version-history":[{"count":2,"href":"https:\/\/www.carpinteria-aluminio.cat\/de\/wp-json\/wp\/v2\/posts\/68004\/revisions"}],"predecessor-version":[{"id":68011,"href":"https:\/\/www.carpinteria-aluminio.cat\/de\/wp-json\/wp\/v2\/posts\/68004\/revisions\/68011"}],"wp:featuredmedia":[{"embeddable":true,"href":"https:\/\/www.carpinteria-aluminio.cat\/de\/wp-json\/wp\/v2\/media\/67568"}],"wp:attachment":[{"href":"https:\/\/www.carpinteria-aluminio.cat\/de\/wp-json\/wp\/v2\/media?parent=68004"}],"wp:term":[{"taxonomy":"category","embeddable":true,"href":"https:\/\/www.carpinteria-aluminio.cat\/de\/wp-json\/wp\/v2\/categories?post=68004"},{"taxonomy":"post_tag","embeddable":true,"href":"https:\/\/www.carpinteria-aluminio.cat\/de\/wp-json\/wp\/v2\/tags?post=68004"}],"curies":[{"name":"wp","href":"https:\/\/api.w.org\/{rel}","templated":true}]}}