{"id":68137,"date":"2025-06-18T16:42:07","date_gmt":"2025-06-18T15:42:07","guid":{"rendered":"https:\/\/www.carpinteria-aluminio.cat\/?p=68137"},"modified":"2025-06-18T16:48:31","modified_gmt":"2025-06-18T15:48:31","slug":"der-ursprung-der-aluminium-tischlerei-das-fenster-aus-eisen-und-aluminium","status":"publish","type":"post","link":"https:\/\/www.carpinteria-aluminio.cat\/de\/der-ursprung-der-aluminium-tischlerei-das-fenster-aus-eisen-und-aluminium\/","title":{"rendered":"Der Ursprung der Aluminium-Tischlerei: das Fenster aus Eisen und Aluminium"},"content":{"rendered":"\n<p>Die Aluminiumschreinerei, wie wir sie heute kennen, hat ihre Wurzeln in konstruktiven L\u00f6sungen wie der auf diesem Bild: ein <strong>gemischtes Fenster aus Eisen und Aluminium<\/strong>, das in Geb\u00e4uden in Barcelona um 1975 \u00fcblich war.<\/p>\n\n<p>Dieses System bestand aus einer Hauptstruktur aus einem <strong>Eisenprofil<\/strong>, das f\u00fcr Steifigkeit und strukturelle Festigkeit sorgte, w\u00e4hrend die <strong>Glasleisten aus Aluminium gefertigt waren<\/strong>, um das Glas besser zu halten und eine bessere Korrosionsbest\u00e4ndigkeit zu bieten. Dieses Detail markierte einen technischen Wendepunkt: Aluminium wurde aufgrund seiner <strong>Leichtigkeit, Haltbarkeit und einfachen Bearbeitung<\/strong> in strategischen Bereichen der Fenster eingesetzt. <\/p>\n\n<p>Es handelte sich um eine Hybridl\u00f6sung, die die damals verf\u00fcgbaren Ressourcen optimierte und das Beste aus beiden Materialien kombinierte. Aus technischer Sicht k\u00f6nnen wir sagen, dass dieses System der erste Schritt zur <strong>Spezialisierung des Aluminiumzimmereigewerbes<\/strong> war, das sich allm\u00e4hlich vom traditionellen Metallzimmereigewerbe unterschied. <\/p>\n\n<p>Heute gilt diese Typologie als <strong>funktionaler und technischer Ursprung der modernen Aluminium-Tischlerei<\/strong>, die sich zu den heutigen Systemen mit thermischen Unterbrechungen, stranggepressten Profilen, Mehrpunktverschl\u00fcssen und Hochleistungsverglasungen weiterentwickelt hat.<\/p>\n\n<figure class=\"wp-block-gallery has-nested-images columns-default is-cropped wp-block-gallery-1 is-layout-flex wp-block-gallery-is-layout-flex\">\n<figure class=\"wp-block-image size-large\"><a href=\"https:\/\/www.carpinteria-aluminio.cat\/wp-content\/uploads\/2025\/06\/Imagen-de-WhatsApp-2025-05-04-a-las-10.15.03_4665a446-537x1024.jpg\"><img loading=\"lazy\" decoding=\"async\" width=\"537\" height=\"1024\" data-id=\"68125\" src=\"https:\/\/www.carpinteria-aluminio.cat\/wp-content\/uploads\/2025\/06\/Imagen-de-WhatsApp-2025-05-04-a-las-10.15.03_4665a446-537x1024.jpg\" alt=\"\" class=\"wp-image-68125\" srcset=\"https:\/\/www.carpinteria-aluminio.cat\/wp-content\/uploads\/2025\/06\/Imagen-de-WhatsApp-2025-05-04-a-las-10.15.03_4665a446-537x1024.jpg 537w, https:\/\/www.carpinteria-aluminio.cat\/wp-content\/uploads\/2025\/06\/Imagen-de-WhatsApp-2025-05-04-a-las-10.15.03_4665a446-157x300.jpg 157w, https:\/\/www.carpinteria-aluminio.cat\/wp-content\/uploads\/2025\/06\/Imagen-de-WhatsApp-2025-05-04-a-las-10.15.03_4665a446-768x1466.jpg 768w, https:\/\/www.carpinteria-aluminio.cat\/wp-content\/uploads\/2025\/06\/Imagen-de-WhatsApp-2025-05-04-a-las-10.15.03_4665a446-805x1536.jpg 805w, https:\/\/www.carpinteria-aluminio.cat\/wp-content\/uploads\/2025\/06\/Imagen-de-WhatsApp-2025-05-04-a-las-10.15.03_4665a446-39x75.jpg 39w, https:\/\/www.carpinteria-aluminio.cat\/wp-content\/uploads\/2025\/06\/Imagen-de-WhatsApp-2025-05-04-a-las-10.15.03_4665a446-480x916.jpg 480w, https:\/\/www.carpinteria-aluminio.cat\/wp-content\/uploads\/2025\/06\/Imagen-de-WhatsApp-2025-05-04-a-las-10.15.03_4665a446.jpg 1048w\" sizes=\"auto, (max-width:767px) 480px, 537px\" \/><\/a><\/figure>\n<\/figure>\n","protected":false},"excerpt":{"rendered":"<p>Die Aluminiumschreinerei, wie wir sie heute kennen, hat ihre Wurzeln in konstruktiven L\u00f6sungen wie der auf diesem Bild: ein gemischtes Fenster aus Eisen und Aluminium, das<span class=\"excerpt-hellip\"> [\u2026]<\/span><\/p>\n","protected":false},"author":2,"featured_media":68129,"comment_status":"closed","ping_status":"closed","sticky":false,"template":"","format":"standard","meta":{"_joinchat":[],"footnotes":""},"categories":[1333],"tags":[1326,1324,1332,1323,1330,1331,1325,1329,1328,1327],"class_list":["post-68137","post","type-post","status-publish","format-standard","has-post-thumbnail","hentry","category-nachrichten","tag-alumini-de","tag-aluminium-de","tag-aluminium-fenster","tag-aluminium-gehause-barcelona","tag-aluminiumprofil-oberflachen","tag-balkon","tag-barcelona-de","tag-fenster","tag-glas","tag-lackiert"],"aioseo_notices":[],"_links":{"self":[{"href":"https:\/\/www.carpinteria-aluminio.cat\/de\/wp-json\/wp\/v2\/posts\/68137","targetHints":{"allow":["GET"]}}],"collection":[{"href":"https:\/\/www.carpinteria-aluminio.cat\/de\/wp-json\/wp\/v2\/posts"}],"about":[{"href":"https:\/\/www.carpinteria-aluminio.cat\/de\/wp-json\/wp\/v2\/types\/post"}],"author":[{"embeddable":true,"href":"https:\/\/www.carpinteria-aluminio.cat\/de\/wp-json\/wp\/v2\/users\/2"}],"replies":[{"embeddable":true,"href":"https:\/\/www.carpinteria-aluminio.cat\/de\/wp-json\/wp\/v2\/comments?post=68137"}],"version-history":[{"count":2,"href":"https:\/\/www.carpinteria-aluminio.cat\/de\/wp-json\/wp\/v2\/posts\/68137\/revisions"}],"predecessor-version":[{"id":68150,"href":"https:\/\/www.carpinteria-aluminio.cat\/de\/wp-json\/wp\/v2\/posts\/68137\/revisions\/68150"}],"wp:featuredmedia":[{"embeddable":true,"href":"https:\/\/www.carpinteria-aluminio.cat\/de\/wp-json\/wp\/v2\/media\/68129"}],"wp:attachment":[{"href":"https:\/\/www.carpinteria-aluminio.cat\/de\/wp-json\/wp\/v2\/media?parent=68137"}],"wp:term":[{"taxonomy":"category","embeddable":true,"href":"https:\/\/www.carpinteria-aluminio.cat\/de\/wp-json\/wp\/v2\/categories?post=68137"},{"taxonomy":"post_tag","embeddable":true,"href":"https:\/\/www.carpinteria-aluminio.cat\/de\/wp-json\/wp\/v2\/tags?post=68137"}],"curies":[{"name":"wp","href":"https:\/\/api.w.org\/{rel}","templated":true}]}}