{"id":76978,"date":"2026-01-23T18:29:33","date_gmt":"2026-01-23T17:29:33","guid":{"rendered":"https:\/\/www.carpinteria-aluminio.cat\/?p=76978"},"modified":"2026-01-23T18:29:34","modified_gmt":"2026-01-23T17:29:34","slug":"galerie-bestehend-aus-einer-struktur-mit-climalit-4-16-argon-4-gas-und-planitherm-4s-glas-aus-den-serien-silver-76-rpt-minimalist-und-stilo-60-rpt","status":"publish","type":"post","link":"https:\/\/www.carpinteria-aluminio.cat\/de\/galerie-bestehend-aus-einer-struktur-mit-climalit-4-16-argon-4-gas-und-planitherm-4s-glas-aus-den-serien-silver-76-rpt-minimalist-und-stilo-60-rpt\/","title":{"rendered":"Galerie bestehend aus einer Struktur mit climalit\u00ae 4-16 Argon-4-Gas und planitherm 4s\u00ae-Glas aus den Serien SILVER 76 RPT Minimalist und STILO 60 RPT."},"content":{"rendered":"\n<p>Galerie bestehend aus einer Schiebestruktur mit climalit\u00ae 4-16 argon-4 gas plus planitherm 4s\u00ae Glas aus der Serie SILVER 76 RPT Minimalist mit Panorama-Vorhangfassade in wei\u00dfem Lack und zwei einfl\u00fcgeligen Dreht\u00fcren mit climalit\u00ae 4-20 argon-4 gas plus planitherm 4s\u00ae Glas aus der Serie STILO 60 RPT in wei\u00dfem Lack.  <\/p>\n\n<p>Motorisierte Monoblock-Jalousie mit Fernbedienung.<\/p>\n\n<figure class=\"wp-block-gallery has-nested-images columns-default is-cropped wp-block-gallery-1 is-layout-flex wp-block-gallery-is-layout-flex\">\n<figure class=\"wp-block-image size-large\"><a href=\"https:\/\/www.carpinteria-aluminio.cat\/wp-content\/uploads\/2026\/01\/WhatsApp-Image-2026-01-20-at-19.47.24-1-768x1024.jpeg\"><img loading=\"lazy\" decoding=\"async\" width=\"768\" height=\"1024\" data-id=\"76932\" src=\"https:\/\/www.carpinteria-aluminio.cat\/wp-content\/uploads\/2026\/01\/WhatsApp-Image-2026-01-20-at-19.47.24-1-768x1024.jpeg\" alt=\"\" class=\"wp-image-76932\" srcset=\"https:\/\/www.carpinteria-aluminio.cat\/wp-content\/uploads\/2026\/01\/WhatsApp-Image-2026-01-20-at-19.47.24-1-768x1024.jpeg 768w, https:\/\/www.carpinteria-aluminio.cat\/wp-content\/uploads\/2026\/01\/WhatsApp-Image-2026-01-20-at-19.47.24-1-225x300.jpeg 225w, https:\/\/www.carpinteria-aluminio.cat\/wp-content\/uploads\/2026\/01\/WhatsApp-Image-2026-01-20-at-19.47.24-1-1152x1536.jpeg 1152w, https:\/\/www.carpinteria-aluminio.cat\/wp-content\/uploads\/2026\/01\/WhatsApp-Image-2026-01-20-at-19.47.24-1-56x75.jpeg 56w, https:\/\/www.carpinteria-aluminio.cat\/wp-content\/uploads\/2026\/01\/WhatsApp-Image-2026-01-20-at-19.47.24-1-480x640.jpeg 480w, https:\/\/www.carpinteria-aluminio.cat\/wp-content\/uploads\/2026\/01\/WhatsApp-Image-2026-01-20-at-19.47.24-1.jpeg 1536w\" sizes=\"auto, (max-width:767px) 480px, (max-width:768px) 100vw, 768px\" \/><\/a><\/figure>\n\n\n\n<figure class=\"wp-block-image size-large\"><a href=\"https:\/\/www.carpinteria-aluminio.cat\/wp-content\/uploads\/2026\/01\/WhatsApp-Image-2026-01-20-at-19.47.25-1-768x1024.jpeg\"><img loading=\"lazy\" decoding=\"async\" width=\"768\" height=\"1024\" data-id=\"76935\" src=\"https:\/\/www.carpinteria-aluminio.cat\/wp-content\/uploads\/2026\/01\/WhatsApp-Image-2026-01-20-at-19.47.25-1-768x1024.jpeg\" alt=\"\" class=\"wp-image-76935\" srcset=\"https:\/\/www.carpinteria-aluminio.cat\/wp-content\/uploads\/2026\/01\/WhatsApp-Image-2026-01-20-at-19.47.25-1-768x1024.jpeg 768w, https:\/\/www.carpinteria-aluminio.cat\/wp-content\/uploads\/2026\/01\/WhatsApp-Image-2026-01-20-at-19.47.25-1-225x300.jpeg 225w, https:\/\/www.carpinteria-aluminio.cat\/wp-content\/uploads\/2026\/01\/WhatsApp-Image-2026-01-20-at-19.47.25-1-1152x1536.jpeg 1152w, https:\/\/www.carpinteria-aluminio.cat\/wp-content\/uploads\/2026\/01\/WhatsApp-Image-2026-01-20-at-19.47.25-1-56x75.jpeg 56w, https:\/\/www.carpinteria-aluminio.cat\/wp-content\/uploads\/2026\/01\/WhatsApp-Image-2026-01-20-at-19.47.25-1-480x640.jpeg 480w, https:\/\/www.carpinteria-aluminio.cat\/wp-content\/uploads\/2026\/01\/WhatsApp-Image-2026-01-20-at-19.47.25-1.jpeg 1536w\" sizes=\"auto, (max-width:767px) 480px, (max-width:768px) 100vw, 768px\" \/><\/a><\/figure>\n<\/figure>\n\n<figure class=\"wp-block-gallery has-nested-images columns-default is-cropped wp-block-gallery-2 is-layout-flex wp-block-gallery-is-layout-flex\">\n<figure class=\"wp-block-image size-large\"><a href=\"https:\/\/www.carpinteria-aluminio.cat\/wp-content\/uploads\/2026\/01\/WhatsApp-Image-2026-01-20-at-19.47-1-1024x768.jpeg\"><img loading=\"lazy\" decoding=\"async\" width=\"1024\" height=\"768\" data-id=\"76942\" src=\"https:\/\/www.carpinteria-aluminio.cat\/wp-content\/uploads\/2026\/01\/WhatsApp-Image-2026-01-20-at-19.47-1-1024x768.jpeg\" alt=\"\" class=\"wp-image-76942\" srcset=\"https:\/\/www.carpinteria-aluminio.cat\/wp-content\/uploads\/2026\/01\/WhatsApp-Image-2026-01-20-at-19.47-1-1024x768.jpeg 1024w, https:\/\/www.carpinteria-aluminio.cat\/wp-content\/uploads\/2026\/01\/WhatsApp-Image-2026-01-20-at-19.47-1-300x225.jpeg 300w, https:\/\/www.carpinteria-aluminio.cat\/wp-content\/uploads\/2026\/01\/WhatsApp-Image-2026-01-20-at-19.47-1-768x576.jpeg 768w, https:\/\/www.carpinteria-aluminio.cat\/wp-content\/uploads\/2026\/01\/WhatsApp-Image-2026-01-20-at-19.47-1-1536x1152.jpeg 1536w, https:\/\/www.carpinteria-aluminio.cat\/wp-content\/uploads\/2026\/01\/WhatsApp-Image-2026-01-20-at-19.47-1-100x75.jpeg 100w, https:\/\/www.carpinteria-aluminio.cat\/wp-content\/uploads\/2026\/01\/WhatsApp-Image-2026-01-20-at-19.47-1-960x720.jpeg 960w, https:\/\/www.carpinteria-aluminio.cat\/wp-content\/uploads\/2026\/01\/WhatsApp-Image-2026-01-20-at-19.47-1-480x360.jpeg 480w, https:\/\/www.carpinteria-aluminio.cat\/wp-content\/uploads\/2026\/01\/WhatsApp-Image-2026-01-20-at-19.47-1.jpeg 2048w\" sizes=\"auto, (max-width:767px) 480px, (max-width:1024px) 100vw, 1024px\" \/><\/a><\/figure>\n<\/figure>\n","protected":false},"excerpt":{"rendered":"<p>Galerie bestehend aus einer Schiebestruktur mit climalit\u00ae 4-16 argon-4 gas plus planitherm 4s\u00ae Glas aus der Serie SILVER 76 RPT Minimalist mit Panorama-Vorhangfassade in wei\u00dfem Lack<span class=\"excerpt-hellip\"> [\u2026]<\/span><\/p>\n","protected":false},"author":2,"featured_media":76946,"comment_status":"closed","ping_status":"closed","sticky":false,"template":"","format":"standard","meta":{"_joinchat":[],"footnotes":""},"categories":[1322],"tags":[1326,1324,1332,1323,1330,1331,1325,1329,1328,1327],"class_list":["post-76978","post","type-post","status-publish","format-standard","has-post-thumbnail","hentry","category-durchgefuhrte-arbeit","tag-alumini-de","tag-aluminium-de","tag-aluminium-fenster","tag-aluminium-gehause-barcelona","tag-aluminiumprofil-oberflachen","tag-balkon","tag-barcelona-de","tag-fenster","tag-glas","tag-lackiert"],"aioseo_notices":[],"_links":{"self":[{"href":"https:\/\/www.carpinteria-aluminio.cat\/de\/wp-json\/wp\/v2\/posts\/76978","targetHints":{"allow":["GET"]}}],"collection":[{"href":"https:\/\/www.carpinteria-aluminio.cat\/de\/wp-json\/wp\/v2\/posts"}],"about":[{"href":"https:\/\/www.carpinteria-aluminio.cat\/de\/wp-json\/wp\/v2\/types\/post"}],"author":[{"embeddable":true,"href":"https:\/\/www.carpinteria-aluminio.cat\/de\/wp-json\/wp\/v2\/users\/2"}],"replies":[{"embeddable":true,"href":"https:\/\/www.carpinteria-aluminio.cat\/de\/wp-json\/wp\/v2\/comments?post=76978"}],"version-history":[{"count":2,"href":"https:\/\/www.carpinteria-aluminio.cat\/de\/wp-json\/wp\/v2\/posts\/76978\/revisions"}],"predecessor-version":[{"id":76983,"href":"https:\/\/www.carpinteria-aluminio.cat\/de\/wp-json\/wp\/v2\/posts\/76978\/revisions\/76983"}],"wp:featuredmedia":[{"embeddable":true,"href":"https:\/\/www.carpinteria-aluminio.cat\/de\/wp-json\/wp\/v2\/media\/76946"}],"wp:attachment":[{"href":"https:\/\/www.carpinteria-aluminio.cat\/de\/wp-json\/wp\/v2\/media?parent=76978"}],"wp:term":[{"taxonomy":"category","embeddable":true,"href":"https:\/\/www.carpinteria-aluminio.cat\/de\/wp-json\/wp\/v2\/categories?post=76978"},{"taxonomy":"post_tag","embeddable":true,"href":"https:\/\/www.carpinteria-aluminio.cat\/de\/wp-json\/wp\/v2\/tags?post=76978"}],"curies":[{"name":"wp","href":"https:\/\/api.w.org\/{rel}","templated":true}]}}