{"id":77084,"date":"2026-01-27T10:46:19","date_gmt":"2026-01-27T09:46:19","guid":{"rendered":"https:\/\/www.carpinteria-aluminio.cat\/?p=77084"},"modified":"2026-01-27T10:46:20","modified_gmt":"2026-01-27T09:46:20","slug":"schiebetuer-mit-japanischem-paneel-in-mattweiss-und-33-verbundglas","status":"publish","type":"post","link":"https:\/\/www.carpinteria-aluminio.cat\/de\/schiebetuer-mit-japanischem-paneel-in-mattweiss-und-33-verbundglas\/","title":{"rendered":"Schiebet\u00fcr mit japanischem Paneel in Mattwei\u00df und 3+3-Verbundglas"},"content":{"rendered":"\n<p>Einfl\u00fcgelige Schiebet\u00fcr in Mattwei\u00df mit 3+3 klarem Verbundglas 1290 x 2160 mm mit oberer F\u00fchrung vom Typ Klein.  <\/p>\n\n<figure class=\"wp-block-gallery has-nested-images columns-default is-cropped wp-block-gallery-1 is-layout-flex wp-block-gallery-is-layout-flex\">\n<figure class=\"wp-block-image size-large\"><a href=\"https:\/\/www.carpinteria-aluminio.cat\/wp-content\/uploads\/2026\/01\/WhatsApp-Image-2025-12-29-at-18.49.11-1.jpeg\"><img loading=\"lazy\" decoding=\"async\" width=\"1024\" height=\"768\" data-id=\"77067\" src=\"https:\/\/www.carpinteria-aluminio.cat\/wp-content\/uploads\/2026\/01\/WhatsApp-Image-2025-12-29-at-18.49.11-1-1024x768.jpeg\" alt=\"\" class=\"wp-image-77067\" srcset=\"https:\/\/www.carpinteria-aluminio.cat\/wp-content\/uploads\/2026\/01\/WhatsApp-Image-2025-12-29-at-18.49.11-1-1024x768.jpeg 1024w, https:\/\/www.carpinteria-aluminio.cat\/wp-content\/uploads\/2026\/01\/WhatsApp-Image-2025-12-29-at-18.49.11-1-300x225.jpeg 300w, https:\/\/www.carpinteria-aluminio.cat\/wp-content\/uploads\/2026\/01\/WhatsApp-Image-2025-12-29-at-18.49.11-1-768x576.jpeg 768w, https:\/\/www.carpinteria-aluminio.cat\/wp-content\/uploads\/2026\/01\/WhatsApp-Image-2025-12-29-at-18.49.11-1-1536x1152.jpeg 1536w, https:\/\/www.carpinteria-aluminio.cat\/wp-content\/uploads\/2026\/01\/WhatsApp-Image-2025-12-29-at-18.49.11-1-100x75.jpeg 100w, https:\/\/www.carpinteria-aluminio.cat\/wp-content\/uploads\/2026\/01\/WhatsApp-Image-2025-12-29-at-18.49.11-1-960x720.jpeg 960w, https:\/\/www.carpinteria-aluminio.cat\/wp-content\/uploads\/2026\/01\/WhatsApp-Image-2025-12-29-at-18.49.11-1-480x360.jpeg 480w, https:\/\/www.carpinteria-aluminio.cat\/wp-content\/uploads\/2026\/01\/WhatsApp-Image-2025-12-29-at-18.49.11-1.jpeg 1600w\" sizes=\"auto, (max-width:767px) 480px, (max-width:1024px) 100vw, 1024px\" \/><\/a><\/figure>\n<\/figure>\n\n<figure class=\"wp-block-gallery has-nested-images columns-default is-cropped wp-block-gallery-2 is-layout-flex wp-block-gallery-is-layout-flex\">\n<figure class=\"wp-block-image size-large\"><a href=\"https:\/\/www.carpinteria-aluminio.cat\/wp-content\/uploads\/2026\/01\/WhatsApp-Image-2025-12-29-at-18.49.12-2-768x1024.jpeg\"><img loading=\"lazy\" decoding=\"async\" width=\"768\" height=\"1024\" data-id=\"77072\" src=\"https:\/\/www.carpinteria-aluminio.cat\/wp-content\/uploads\/2026\/01\/WhatsApp-Image-2025-12-29-at-18.49.12-2-768x1024.jpeg\" alt=\"\" class=\"wp-image-77072\" srcset=\"https:\/\/www.carpinteria-aluminio.cat\/wp-content\/uploads\/2026\/01\/WhatsApp-Image-2025-12-29-at-18.49.12-2-768x1024.jpeg 768w, https:\/\/www.carpinteria-aluminio.cat\/wp-content\/uploads\/2026\/01\/WhatsApp-Image-2025-12-29-at-18.49.12-2-225x300.jpeg 225w, https:\/\/www.carpinteria-aluminio.cat\/wp-content\/uploads\/2026\/01\/WhatsApp-Image-2025-12-29-at-18.49.12-2-1152x1536.jpeg 1152w, https:\/\/www.carpinteria-aluminio.cat\/wp-content\/uploads\/2026\/01\/WhatsApp-Image-2025-12-29-at-18.49.12-2-56x75.jpeg 56w, https:\/\/www.carpinteria-aluminio.cat\/wp-content\/uploads\/2026\/01\/WhatsApp-Image-2025-12-29-at-18.49.12-2-480x640.jpeg 480w, https:\/\/www.carpinteria-aluminio.cat\/wp-content\/uploads\/2026\/01\/WhatsApp-Image-2025-12-29-at-18.49.12-2.jpeg 1200w\" sizes=\"auto, (max-width:767px) 480px, (max-width:768px) 100vw, 768px\" \/><\/a><\/figure>\n<\/figure>\n","protected":false},"excerpt":{"rendered":"<p>Einfl\u00fcgelige Schiebet\u00fcr in Mattwei\u00df mit 3+3 klarem Verbundglas 1290 x 2160 mm mit oberer F\u00fchrung vom Typ Klein.<\/p>\n","protected":false},"author":2,"featured_media":76466,"comment_status":"closed","ping_status":"closed","sticky":false,"template":"","format":"standard","meta":{"_joinchat":[],"footnotes":""},"categories":[1322],"tags":[1326,1324,1332,1323,1330,1331,1325,1329,1328,1327],"class_list":["post-77084","post","type-post","status-publish","format-standard","has-post-thumbnail","hentry","category-durchgefuhrte-arbeit","tag-alumini-de","tag-aluminium-de","tag-aluminium-fenster","tag-aluminium-gehause-barcelona","tag-aluminiumprofil-oberflachen","tag-balkon","tag-barcelona-de","tag-fenster","tag-glas","tag-lackiert"],"aioseo_notices":[],"_links":{"self":[{"href":"https:\/\/www.carpinteria-aluminio.cat\/de\/wp-json\/wp\/v2\/posts\/77084","targetHints":{"allow":["GET"]}}],"collection":[{"href":"https:\/\/www.carpinteria-aluminio.cat\/de\/wp-json\/wp\/v2\/posts"}],"about":[{"href":"https:\/\/www.carpinteria-aluminio.cat\/de\/wp-json\/wp\/v2\/types\/post"}],"author":[{"embeddable":true,"href":"https:\/\/www.carpinteria-aluminio.cat\/de\/wp-json\/wp\/v2\/users\/2"}],"replies":[{"embeddable":true,"href":"https:\/\/www.carpinteria-aluminio.cat\/de\/wp-json\/wp\/v2\/comments?post=77084"}],"version-history":[{"count":2,"href":"https:\/\/www.carpinteria-aluminio.cat\/de\/wp-json\/wp\/v2\/posts\/77084\/revisions"}],"predecessor-version":[{"id":77089,"href":"https:\/\/www.carpinteria-aluminio.cat\/de\/wp-json\/wp\/v2\/posts\/77084\/revisions\/77089"}],"wp:featuredmedia":[{"embeddable":true,"href":"https:\/\/www.carpinteria-aluminio.cat\/de\/wp-json\/wp\/v2\/media\/76466"}],"wp:attachment":[{"href":"https:\/\/www.carpinteria-aluminio.cat\/de\/wp-json\/wp\/v2\/media?parent=77084"}],"wp:term":[{"taxonomy":"category","embeddable":true,"href":"https:\/\/www.carpinteria-aluminio.cat\/de\/wp-json\/wp\/v2\/categories?post=77084"},{"taxonomy":"post_tag","embeddable":true,"href":"https:\/\/www.carpinteria-aluminio.cat\/de\/wp-json\/wp\/v2\/tags?post=77084"}],"curies":[{"name":"wp","href":"https:\/\/api.w.org\/{rel}","templated":true}]}}