{"id":79958,"date":"2026-04-26T09:58:54","date_gmt":"2026-04-26T08:58:54","guid":{"rendered":"https:\/\/www.carpinteria-aluminio.cat\/?p=79958"},"modified":"2026-04-26T09:58:55","modified_gmt":"2026-04-26T08:58:55","slug":"fluegelfenster-mit-doppelverglasung-4-20-argon-gas-4-klar-plus-planitherm-xn-mit-innenjalousie","status":"publish","type":"post","link":"https:\/\/www.carpinteria-aluminio.cat\/de\/fluegelfenster-mit-doppelverglasung-4-20-argon-gas-4-klar-plus-planitherm-xn-mit-innenjalousie\/","title":{"rendered":"Fl\u00fcgelfenster mit Doppelverglasung 4 &#8211; 20 Argon Gas &#8211; 4 klar plus planitherm XN mit Innenjalousie"},"content":{"rendered":"\n<p>Zweifl\u00fcgeliges Fenster mit Climalit 4 &#8211; 20 Argon Gas &#8211; 4 klar plus planitherm XN aus der Serie Stilo 60 RPT in Lack-wei\u00df mit 85 mm Futter, mit wei\u00df lackierten Aluminium-Innenl\u00e4den.<\/p>\n\n<p>Ma\u00dfe 880 x 1470 mm.<\/p>\n\n<figure class=\"wp-block-gallery has-nested-images columns-default is-cropped wp-block-gallery-1 is-layout-flex wp-block-gallery-is-layout-flex\">\n<figure class=\"wp-block-image size-large\"><a href=\"https:\/\/www.carpinteria-aluminio.cat\/wp-content\/uploads\/2026\/04\/WhatsApp-Image-2026-04-22-at-17.48.00-4.jpeg\"><img loading=\"lazy\" decoding=\"async\" width=\"768\" height=\"1024\" data-id=\"79926\" src=\"https:\/\/www.carpinteria-aluminio.cat\/wp-content\/uploads\/2026\/04\/WhatsApp-Image-2026-04-22-at-17.48.00-4-768x1024.jpeg\" alt=\"\" class=\"wp-image-79926\" srcset=\"https:\/\/www.carpinteria-aluminio.cat\/wp-content\/uploads\/2026\/04\/WhatsApp-Image-2026-04-22-at-17.48.00-4-768x1024.jpeg 768w, https:\/\/www.carpinteria-aluminio.cat\/wp-content\/uploads\/2026\/04\/WhatsApp-Image-2026-04-22-at-17.48.00-4-225x300.jpeg 225w, https:\/\/www.carpinteria-aluminio.cat\/wp-content\/uploads\/2026\/04\/WhatsApp-Image-2026-04-22-at-17.48.00-4-1152x1536.jpeg 1152w, https:\/\/www.carpinteria-aluminio.cat\/wp-content\/uploads\/2026\/04\/WhatsApp-Image-2026-04-22-at-17.48.00-4-56x75.jpeg 56w, https:\/\/www.carpinteria-aluminio.cat\/wp-content\/uploads\/2026\/04\/WhatsApp-Image-2026-04-22-at-17.48.00-4-480x640.jpeg 480w, https:\/\/www.carpinteria-aluminio.cat\/wp-content\/uploads\/2026\/04\/WhatsApp-Image-2026-04-22-at-17.48.00-4.jpeg 1536w\" sizes=\"auto, (max-width:767px) 480px, (max-width:768px) 100vw, 768px\" \/><\/a><\/figure>\n\n\n\n<figure class=\"wp-block-image size-large\"><a href=\"https:\/\/www.carpinteria-aluminio.cat\/wp-content\/uploads\/2026\/04\/WhatsApp-Image-2026-04-22-at-17.48.01-2.jpeg\"><img loading=\"lazy\" decoding=\"async\" width=\"768\" height=\"1024\" data-id=\"79946\" src=\"https:\/\/www.carpinteria-aluminio.cat\/wp-content\/uploads\/2026\/04\/WhatsApp-Image-2026-04-22-at-17.48.01-2-768x1024.jpeg\" alt=\"\" class=\"wp-image-79946\" srcset=\"https:\/\/www.carpinteria-aluminio.cat\/wp-content\/uploads\/2026\/04\/WhatsApp-Image-2026-04-22-at-17.48.01-2-768x1024.jpeg 768w, https:\/\/www.carpinteria-aluminio.cat\/wp-content\/uploads\/2026\/04\/WhatsApp-Image-2026-04-22-at-17.48.01-2-225x300.jpeg 225w, https:\/\/www.carpinteria-aluminio.cat\/wp-content\/uploads\/2026\/04\/WhatsApp-Image-2026-04-22-at-17.48.01-2-1152x1536.jpeg 1152w, https:\/\/www.carpinteria-aluminio.cat\/wp-content\/uploads\/2026\/04\/WhatsApp-Image-2026-04-22-at-17.48.01-2-56x75.jpeg 56w, https:\/\/www.carpinteria-aluminio.cat\/wp-content\/uploads\/2026\/04\/WhatsApp-Image-2026-04-22-at-17.48.01-2-480x640.jpeg 480w, https:\/\/www.carpinteria-aluminio.cat\/wp-content\/uploads\/2026\/04\/WhatsApp-Image-2026-04-22-at-17.48.01-2.jpeg 1536w\" sizes=\"auto, (max-width:767px) 480px, (max-width:768px) 100vw, 768px\" \/><\/a><\/figure>\n\n\n\n<figure class=\"wp-block-image size-large\"><a href=\"https:\/\/www.carpinteria-aluminio.cat\/wp-content\/uploads\/2026\/04\/WhatsApp-Image-2026-04-22-at-17.48.00.jpeg\"><img loading=\"lazy\" decoding=\"async\" width=\"768\" height=\"1024\" data-id=\"79930\" src=\"https:\/\/www.carpinteria-aluminio.cat\/wp-content\/uploads\/2026\/04\/WhatsApp-Image-2026-04-22-at-17.48.00-768x1024.jpeg\" alt=\"\" class=\"wp-image-79930\" srcset=\"https:\/\/www.carpinteria-aluminio.cat\/wp-content\/uploads\/2026\/04\/WhatsApp-Image-2026-04-22-at-17.48.00-768x1024.jpeg 768w, https:\/\/www.carpinteria-aluminio.cat\/wp-content\/uploads\/2026\/04\/WhatsApp-Image-2026-04-22-at-17.48.00-225x300.jpeg 225w, https:\/\/www.carpinteria-aluminio.cat\/wp-content\/uploads\/2026\/04\/WhatsApp-Image-2026-04-22-at-17.48.00-1152x1536.jpeg 1152w, https:\/\/www.carpinteria-aluminio.cat\/wp-content\/uploads\/2026\/04\/WhatsApp-Image-2026-04-22-at-17.48.00-56x75.jpeg 56w, https:\/\/www.carpinteria-aluminio.cat\/wp-content\/uploads\/2026\/04\/WhatsApp-Image-2026-04-22-at-17.48.00-480x640.jpeg 480w, https:\/\/www.carpinteria-aluminio.cat\/wp-content\/uploads\/2026\/04\/WhatsApp-Image-2026-04-22-at-17.48.00.jpeg 1536w\" sizes=\"auto, (max-width:767px) 480px, (max-width:768px) 100vw, 768px\" \/><\/a><\/figure>\n<\/figure>\n","protected":false},"excerpt":{"rendered":"<p>Zweifl\u00fcgeliges Fenster mit Climalit 4 &#8211; 20 Argon Gas &#8211; 4 klar plus planitherm XN aus der Serie Stilo 60 RPT in Lack-wei\u00df mit 85 mm<span class=\"excerpt-hellip\"> [\u2026]<\/span><\/p>\n","protected":false},"author":2,"featured_media":79940,"comment_status":"closed","ping_status":"closed","sticky":false,"template":"","format":"standard","meta":{"_joinchat":[],"footnotes":""},"categories":[1322],"tags":[1326,1324,1332,1323,1330,1331,1325,1329,1328,1327],"class_list":["post-79958","post","type-post","status-publish","format-standard","has-post-thumbnail","hentry","category-durchgefuhrte-arbeit","tag-alumini-de","tag-aluminium-de","tag-aluminium-fenster","tag-aluminium-gehause-barcelona","tag-aluminiumprofil-oberflachen","tag-balkon","tag-barcelona-de","tag-fenster","tag-glas","tag-lackiert"],"aioseo_notices":[],"_links":{"self":[{"href":"https:\/\/www.carpinteria-aluminio.cat\/de\/wp-json\/wp\/v2\/posts\/79958","targetHints":{"allow":["GET"]}}],"collection":[{"href":"https:\/\/www.carpinteria-aluminio.cat\/de\/wp-json\/wp\/v2\/posts"}],"about":[{"href":"https:\/\/www.carpinteria-aluminio.cat\/de\/wp-json\/wp\/v2\/types\/post"}],"author":[{"embeddable":true,"href":"https:\/\/www.carpinteria-aluminio.cat\/de\/wp-json\/wp\/v2\/users\/2"}],"replies":[{"embeddable":true,"href":"https:\/\/www.carpinteria-aluminio.cat\/de\/wp-json\/wp\/v2\/comments?post=79958"}],"version-history":[{"count":3,"href":"https:\/\/www.carpinteria-aluminio.cat\/de\/wp-json\/wp\/v2\/posts\/79958\/revisions"}],"predecessor-version":[{"id":79961,"href":"https:\/\/www.carpinteria-aluminio.cat\/de\/wp-json\/wp\/v2\/posts\/79958\/revisions\/79961"}],"wp:featuredmedia":[{"embeddable":true,"href":"https:\/\/www.carpinteria-aluminio.cat\/de\/wp-json\/wp\/v2\/media\/79940"}],"wp:attachment":[{"href":"https:\/\/www.carpinteria-aluminio.cat\/de\/wp-json\/wp\/v2\/media?parent=79958"}],"wp:term":[{"taxonomy":"category","embeddable":true,"href":"https:\/\/www.carpinteria-aluminio.cat\/de\/wp-json\/wp\/v2\/categories?post=79958"},{"taxonomy":"post_tag","embeddable":true,"href":"https:\/\/www.carpinteria-aluminio.cat\/de\/wp-json\/wp\/v2\/tags?post=79958"}],"curies":[{"name":"wp","href":"https:\/\/api.w.org\/{rel}","templated":true}]}}