{"id":6979,"date":"2013-01-25T18:35:49","date_gmt":"2013-01-25T18:35:49","guid":{"rendered":"https:\/\/www.carpinteria-aluminio.cat\/what-is-mesured-in-an-energetic-certificate\/"},"modified":"2013-01-25T18:35:49","modified_gmt":"2013-01-25T18:35:49","slug":"what-is-mesured-in-an-energetic-certificate","status":"publish","type":"post","link":"https:\/\/www.carpinteria-aluminio.cat\/en\/what-is-mesured-in-an-energetic-certificate\/","title":{"rendered":"What is mesured in an energetic certificate?"},"content":{"rendered":"<p>According to the PROYECTO DE REAL DECRETO POR EL QUE SE APRUEBA EL PROCEDIMIENTO B\u00c1SICO PARA LA CERTIFICACI\u00d3N DE LA EFICIENCIA ENERG\u00c9TICA DE LOS EDIFICIOS following aspects will be measured when evaluating the energy category of a building or house: a) Design, location and orientation of the building. b) Environmental conditions indoor and outdoor climate. c) Thermal characteristics closures. d) Passive solar systems and solar protection. e) Thermal installations of individual and collective buildings (heating, cooling and hot water production) and systems heating and cooling, including the characteristics of Insulation of pipes and ducts. f) Natural and mechanical ventilation. g) Installation of artificial indoor lighting. h) Natural lighting. i) Active solar systems and other heating systems or production electricity based on renewable energy sources. j) Electricity from cogeneration. <a title=\"Global energy rating label\"><img loading=\"lazy\" decoding=\"async\" class=\"alignnone size-full wp-image-1008\" src=\"https:\/\/www.carpinteria-aluminio.cat\/wp-content\/uploads\/2013\/01\/Etiqueta-calificaci\u00f3n-energetica-global.png\" alt=\"Etiqueta calificaci\u00f3n energ\u00e9tica global\" width=\"600\" height=\"172\" srcset=\"https:\/\/www.carpinteria-aluminio.cat\/wp-content\/uploads\/2013\/01\/Etiqueta-calificaci\u00f3n-energetica-global.png 828w, https:\/\/www.carpinteria-aluminio.cat\/wp-content\/uploads\/2013\/01\/Etiqueta-calificaci\u00f3n-energetica-global-300x85.png 300w, https:\/\/www.carpinteria-aluminio.cat\/wp-content\/uploads\/2013\/01\/Etiqueta-calificaci\u00f3n-energetica-global-500x143.png 500w\" sizes=\"auto, (max-width:767px) 480px, 600px\" \/><\/a> For more information visit the <a href=\"http:\/\/www.minetur.gob.es\/energia\/es-ES\/Participacion\/Paginas\/Cerradas\/PRDeficiencia_energetica_edificios.aspx\" target=\"_blank\">Ministerio de Industria, Energ\u00eda y Turismo<\/a> website.<\/p>\n","protected":false},"excerpt":{"rendered":"<p>According to the PROYECTO DE REAL DECRETO POR EL QUE SE APRUEBA EL PROCEDIMIENTO B\u00c1SICO PARA LA CERTIFICACI\u00d3N DE LA EFICIENCIA ENERG\u00c9TICA DE LOS EDIFICIOS following<span class=\"excerpt-hellip\"> [\u2026]<\/span><\/p>\n","protected":false},"author":3,"featured_media":0,"comment_status":"open","ping_status":"open","sticky":false,"template":"","format":"standard","meta":{"_joinchat":[],"footnotes":""},"categories":[37],"tags":[],"class_list":["post-6979","post","type-post","status-publish","format-standard","hentry","category-news"],"aioseo_notices":[],"_links":{"self":[{"href":"https:\/\/www.carpinteria-aluminio.cat\/en\/wp-json\/wp\/v2\/posts\/6979","targetHints":{"allow":["GET"]}}],"collection":[{"href":"https:\/\/www.carpinteria-aluminio.cat\/en\/wp-json\/wp\/v2\/posts"}],"about":[{"href":"https:\/\/www.carpinteria-aluminio.cat\/en\/wp-json\/wp\/v2\/types\/post"}],"author":[{"embeddable":true,"href":"https:\/\/www.carpinteria-aluminio.cat\/en\/wp-json\/wp\/v2\/users\/3"}],"replies":[{"embeddable":true,"href":"https:\/\/www.carpinteria-aluminio.cat\/en\/wp-json\/wp\/v2\/comments?post=6979"}],"version-history":[{"count":0,"href":"https:\/\/www.carpinteria-aluminio.cat\/en\/wp-json\/wp\/v2\/posts\/6979\/revisions"}],"wp:attachment":[{"href":"https:\/\/www.carpinteria-aluminio.cat\/en\/wp-json\/wp\/v2\/media?parent=6979"}],"wp:term":[{"taxonomy":"category","embeddable":true,"href":"https:\/\/www.carpinteria-aluminio.cat\/en\/wp-json\/wp\/v2\/categories?post=6979"},{"taxonomy":"post_tag","embeddable":true,"href":"https:\/\/www.carpinteria-aluminio.cat\/en\/wp-json\/wp\/v2\/tags?post=6979"}],"curies":[{"name":"wp","href":"https:\/\/api.w.org\/{rel}","templated":true}]}}