{"id":49253,"date":"2024-03-07T09:54:24","date_gmt":"2024-03-07T08:54:24","guid":{"rendered":"https:\/\/www.carpinteria-aluminio.cat\/?p=49253"},"modified":"2024-03-07T09:54:25","modified_gmt":"2024-03-07T08:54:25","slug":"enceinte-exterieure-ral-7022-mat","status":"publish","type":"post","link":"https:\/\/www.carpinteria-aluminio.cat\/fr\/enceinte-exterieure-ral-7022-mat\/","title":{"rendered":"Enceinte ext\u00e9rieure RAL 7022 mat"},"content":{"rendered":"\n<p>Enceinte ext\u00e9rieure compos\u00e9e de :<\/p>\n\n<p>Fen\u00eatre coulissante \u00e0 deux vantaux avec verre neuf climalit\u00ae 4-10 carglass, plusieurs fixes en t\u00f4le sandwich et deux vantaux coulissants en t\u00f4le sandwich de la s\u00e9rie SILVER 70 Straight Cross, le tout en laque standard RAL 7022 MAT. Plafond en acier lisse laqu\u00e9 blanc avec isolation int\u00e9rieure 3000x1600mm.<\/p>\n\n<figure class=\"wp-block-image size-large\"><a href=\"https:\/\/www.carpinteria-aluminio.cat\/wp-content\/uploads\/2024\/03\/Imagen-de-WhatsApp-2024-03-04-a-las-19.43.55_876e2298-768x1024.jpg\"><img loading=\"lazy\" decoding=\"async\" width=\"768\" height=\"1024\" src=\"https:\/\/www.carpinteria-aluminio.cat\/wp-content\/uploads\/2024\/03\/Imagen-de-WhatsApp-2024-03-04-a-las-19.43.55_876e2298-768x1024.jpg\" alt=\"\" class=\"wp-image-49236\" srcset=\"https:\/\/www.carpinteria-aluminio.cat\/wp-content\/uploads\/2024\/03\/Imagen-de-WhatsApp-2024-03-04-a-las-19.43.55_876e2298-768x1024.jpg 768w, https:\/\/www.carpinteria-aluminio.cat\/wp-content\/uploads\/2024\/03\/Imagen-de-WhatsApp-2024-03-04-a-las-19.43.55_876e2298-225x300.jpg 225w, https:\/\/www.carpinteria-aluminio.cat\/wp-content\/uploads\/2024\/03\/Imagen-de-WhatsApp-2024-03-04-a-las-19.43.55_876e2298-1152x1536.jpg 1152w, https:\/\/www.carpinteria-aluminio.cat\/wp-content\/uploads\/2024\/03\/Imagen-de-WhatsApp-2024-03-04-a-las-19.43.55_876e2298-56x75.jpg 56w, https:\/\/www.carpinteria-aluminio.cat\/wp-content\/uploads\/2024\/03\/Imagen-de-WhatsApp-2024-03-04-a-las-19.43.55_876e2298-480x640.jpg 480w, https:\/\/www.carpinteria-aluminio.cat\/wp-content\/uploads\/2024\/03\/Imagen-de-WhatsApp-2024-03-04-a-las-19.43.55_876e2298.jpg 1536w\" sizes=\"auto, (max-width:767px) 480px, (max-width:768px) 100vw, 768px\" \/><\/a><\/figure>\n\n<figure class=\"wp-block-gallery has-nested-images columns-default is-cropped wp-block-gallery-1 is-layout-flex wp-block-gallery-is-layout-flex\">\n<figure class=\"wp-block-image size-large\"><a href=\"https:\/\/www.carpinteria-aluminio.cat\/wp-content\/uploads\/2024\/03\/Imagen-de-WhatsApp-2024-03-04-a-las-19.43.56_5dfe4dca-768x1024.jpg\"><img loading=\"lazy\" decoding=\"async\" width=\"768\" height=\"1024\" data-id=\"49243\" src=\"https:\/\/www.carpinteria-aluminio.cat\/wp-content\/uploads\/2024\/03\/Imagen-de-WhatsApp-2024-03-04-a-las-19.43.56_5dfe4dca-768x1024.jpg\" alt=\"\" class=\"wp-image-49243\" srcset=\"https:\/\/www.carpinteria-aluminio.cat\/wp-content\/uploads\/2024\/03\/Imagen-de-WhatsApp-2024-03-04-a-las-19.43.56_5dfe4dca-768x1024.jpg 768w, https:\/\/www.carpinteria-aluminio.cat\/wp-content\/uploads\/2024\/03\/Imagen-de-WhatsApp-2024-03-04-a-las-19.43.56_5dfe4dca-225x300.jpg 225w, https:\/\/www.carpinteria-aluminio.cat\/wp-content\/uploads\/2024\/03\/Imagen-de-WhatsApp-2024-03-04-a-las-19.43.56_5dfe4dca-1152x1536.jpg 1152w, https:\/\/www.carpinteria-aluminio.cat\/wp-content\/uploads\/2024\/03\/Imagen-de-WhatsApp-2024-03-04-a-las-19.43.56_5dfe4dca-56x75.jpg 56w, https:\/\/www.carpinteria-aluminio.cat\/wp-content\/uploads\/2024\/03\/Imagen-de-WhatsApp-2024-03-04-a-las-19.43.56_5dfe4dca-480x640.jpg 480w, https:\/\/www.carpinteria-aluminio.cat\/wp-content\/uploads\/2024\/03\/Imagen-de-WhatsApp-2024-03-04-a-las-19.43.56_5dfe4dca.jpg 1536w\" sizes=\"auto, (max-width:767px) 480px, (max-width:768px) 100vw, 768px\" \/><\/a><\/figure>\n<\/figure>\n\n<figure class=\"wp-block-image size-large\"><a href=\"https:\/\/www.carpinteria-aluminio.cat\/wp-content\/uploads\/2024\/03\/Imagen-de-WhatsApp-2024-03-04-a-las-19.43.56_bb59c8b4-1-768x1024.jpg\"><img loading=\"lazy\" decoding=\"async\" width=\"768\" height=\"1024\" src=\"https:\/\/www.carpinteria-aluminio.cat\/wp-content\/uploads\/2024\/03\/Imagen-de-WhatsApp-2024-03-04-a-las-19.43.56_bb59c8b4-1-768x1024.jpg\" alt=\"\" class=\"wp-image-49248\" srcset=\"https:\/\/www.carpinteria-aluminio.cat\/wp-content\/uploads\/2024\/03\/Imagen-de-WhatsApp-2024-03-04-a-las-19.43.56_bb59c8b4-1-768x1024.jpg 768w, https:\/\/www.carpinteria-aluminio.cat\/wp-content\/uploads\/2024\/03\/Imagen-de-WhatsApp-2024-03-04-a-las-19.43.56_bb59c8b4-1-225x300.jpg 225w, https:\/\/www.carpinteria-aluminio.cat\/wp-content\/uploads\/2024\/03\/Imagen-de-WhatsApp-2024-03-04-a-las-19.43.56_bb59c8b4-1-1152x1536.jpg 1152w, https:\/\/www.carpinteria-aluminio.cat\/wp-content\/uploads\/2024\/03\/Imagen-de-WhatsApp-2024-03-04-a-las-19.43.56_bb59c8b4-1-56x75.jpg 56w, https:\/\/www.carpinteria-aluminio.cat\/wp-content\/uploads\/2024\/03\/Imagen-de-WhatsApp-2024-03-04-a-las-19.43.56_bb59c8b4-1-480x640.jpg 480w, https:\/\/www.carpinteria-aluminio.cat\/wp-content\/uploads\/2024\/03\/Imagen-de-WhatsApp-2024-03-04-a-las-19.43.56_bb59c8b4-1.jpg 1536w\" sizes=\"auto, (max-width:767px) 480px, (max-width:768px) 100vw, 768px\" \/><\/a><\/figure>\n","protected":false},"excerpt":{"rendered":"<p>Enceinte ext\u00e9rieure compos\u00e9e de : Fen\u00eatre coulissante \u00e0 deux vantaux avec verre neuf climalit\u00ae 4-10 carglass, plusieurs fixes en t\u00f4le sandwich et deux vantaux coulissants en<span class=\"excerpt-hellip\"> [\u2026]<\/span><\/p>\n","protected":false},"author":2,"featured_media":49245,"comment_status":"closed","ping_status":"closed","sticky":false,"template":"","format":"standard","meta":{"_joinchat":[],"footnotes":""},"categories":[1263],"tags":[1266,1284,1287,1283,1282,1288,1286,1267,1285,1268],"class_list":["post-49253","post","type-post","status-publish","format-standard","has-post-thumbnail","hentry","category-travaux-realises","tag-aluminium-fr","tag-aluminium-fr-2","tag-balcon-fr","tag-barcelone","tag-boitier-en-aluminium-barcelone","tag-fenetre-en-aluminium","tag-finitions-des-profiles-en-aluminium","tag-laque","tag-les-fenetres","tag-verre"],"aioseo_notices":[],"_links":{"self":[{"href":"https:\/\/www.carpinteria-aluminio.cat\/fr\/wp-json\/wp\/v2\/posts\/49253","targetHints":{"allow":["GET"]}}],"collection":[{"href":"https:\/\/www.carpinteria-aluminio.cat\/fr\/wp-json\/wp\/v2\/posts"}],"about":[{"href":"https:\/\/www.carpinteria-aluminio.cat\/fr\/wp-json\/wp\/v2\/types\/post"}],"author":[{"embeddable":true,"href":"https:\/\/www.carpinteria-aluminio.cat\/fr\/wp-json\/wp\/v2\/users\/2"}],"replies":[{"embeddable":true,"href":"https:\/\/www.carpinteria-aluminio.cat\/fr\/wp-json\/wp\/v2\/comments?post=49253"}],"version-history":[{"count":2,"href":"https:\/\/www.carpinteria-aluminio.cat\/fr\/wp-json\/wp\/v2\/posts\/49253\/revisions"}],"predecessor-version":[{"id":49261,"href":"https:\/\/www.carpinteria-aluminio.cat\/fr\/wp-json\/wp\/v2\/posts\/49253\/revisions\/49261"}],"wp:featuredmedia":[{"embeddable":true,"href":"https:\/\/www.carpinteria-aluminio.cat\/fr\/wp-json\/wp\/v2\/media\/49245"}],"wp:attachment":[{"href":"https:\/\/www.carpinteria-aluminio.cat\/fr\/wp-json\/wp\/v2\/media?parent=49253"}],"wp:term":[{"taxonomy":"category","embeddable":true,"href":"https:\/\/www.carpinteria-aluminio.cat\/fr\/wp-json\/wp\/v2\/categories?post=49253"},{"taxonomy":"post_tag","embeddable":true,"href":"https:\/\/www.carpinteria-aluminio.cat\/fr\/wp-json\/wp\/v2\/tags?post=49253"}],"curies":[{"name":"wp","href":"https:\/\/api.w.org\/{rel}","templated":true}]}}