{"id":49419,"date":"2024-03-11T10:06:20","date_gmt":"2024-03-11T09:06:20","guid":{"rendered":"https:\/\/www.carpinteria-aluminio.cat\/?p=49419"},"modified":"2024-03-11T10:06:22","modified_gmt":"2024-03-11T09:06:22","slug":"porte-balcon-coulissante-3-vantaux-3-rails","status":"publish","type":"post","link":"https:\/\/www.carpinteria-aluminio.cat\/fr\/porte-balcon-coulissante-3-vantaux-3-rails\/","title":{"rendered":"Porte balcon coulissante 3 vantaux 3 rails"},"content":{"rendered":"\n<p>Balcon \u00e0 3 vantaux coulissants sur 3 rails en aluminium laqu\u00e9 blanc et verre Climalit transparent, avec fermeture et poign\u00e9e.<\/p>\n\n<p>Ouverture \u00e0 gauche ou \u00e0 droite permettant un jeu de sortie et ouverture des 2\/3.<\/p>\n\n<figure class=\"wp-block-gallery has-nested-images columns-default is-cropped wp-block-gallery-1 is-layout-flex wp-block-gallery-is-layout-flex\">\n<figure class=\"wp-block-image size-large\"><a href=\"https:\/\/www.carpinteria-aluminio.cat\/wp-content\/uploads\/2023\/02\/WhatsApp-Image-2023-02-24-at-17.31.09-1-768x1024.jpeg\"><img loading=\"lazy\" decoding=\"async\" width=\"768\" height=\"1024\" data-id=\"41247\" src=\"https:\/\/www.carpinteria-aluminio.cat\/wp-content\/uploads\/2023\/02\/WhatsApp-Image-2023-02-24-at-17.31.09-1-768x1024.jpeg\" alt=\"\" class=\"wp-image-41247\" srcset=\"https:\/\/www.carpinteria-aluminio.cat\/wp-content\/uploads\/2023\/02\/WhatsApp-Image-2023-02-24-at-17.31.09-1-768x1024.jpeg 768w, https:\/\/www.carpinteria-aluminio.cat\/wp-content\/uploads\/2023\/02\/WhatsApp-Image-2023-02-24-at-17.31.09-1-225x300.jpeg 225w, https:\/\/www.carpinteria-aluminio.cat\/wp-content\/uploads\/2023\/02\/WhatsApp-Image-2023-02-24-at-17.31.09-1-1152x1536.jpeg 1152w, https:\/\/www.carpinteria-aluminio.cat\/wp-content\/uploads\/2023\/02\/WhatsApp-Image-2023-02-24-at-17.31.09-1-110x146.jpeg 110w, https:\/\/www.carpinteria-aluminio.cat\/wp-content\/uploads\/2023\/02\/WhatsApp-Image-2023-02-24-at-17.31.09-1-38x50.jpeg 38w, https:\/\/www.carpinteria-aluminio.cat\/wp-content\/uploads\/2023\/02\/WhatsApp-Image-2023-02-24-at-17.31.09-1-56x75.jpeg 56w, https:\/\/www.carpinteria-aluminio.cat\/wp-content\/uploads\/2023\/02\/WhatsApp-Image-2023-02-24-at-17.31.09-1.jpeg 1200w\" sizes=\"auto, (max-width:767px) 480px, (max-width:768px) 100vw, 768px\" \/><\/a><\/figure>\n\n\n\n<figure class=\"wp-block-image size-large\"><a href=\"https:\/\/www.carpinteria-aluminio.cat\/wp-content\/uploads\/2023\/02\/WhatsApp-Image-2023-02-24-at-17.31.09-768x1024.jpeg\"><img loading=\"lazy\" decoding=\"async\" width=\"768\" height=\"1024\" data-id=\"41245\" src=\"https:\/\/www.carpinteria-aluminio.cat\/wp-content\/uploads\/2023\/02\/WhatsApp-Image-2023-02-24-at-17.31.09-768x1024.jpeg\" alt=\"\" class=\"wp-image-41245\" srcset=\"https:\/\/www.carpinteria-aluminio.cat\/wp-content\/uploads\/2023\/02\/WhatsApp-Image-2023-02-24-at-17.31.09-768x1024.jpeg 768w, https:\/\/www.carpinteria-aluminio.cat\/wp-content\/uploads\/2023\/02\/WhatsApp-Image-2023-02-24-at-17.31.09-225x300.jpeg 225w, https:\/\/www.carpinteria-aluminio.cat\/wp-content\/uploads\/2023\/02\/WhatsApp-Image-2023-02-24-at-17.31.09-1152x1536.jpeg 1152w, https:\/\/www.carpinteria-aluminio.cat\/wp-content\/uploads\/2023\/02\/WhatsApp-Image-2023-02-24-at-17.31.09-110x146.jpeg 110w, https:\/\/www.carpinteria-aluminio.cat\/wp-content\/uploads\/2023\/02\/WhatsApp-Image-2023-02-24-at-17.31.09-38x50.jpeg 38w, https:\/\/www.carpinteria-aluminio.cat\/wp-content\/uploads\/2023\/02\/WhatsApp-Image-2023-02-24-at-17.31.09-56x75.jpeg 56w, https:\/\/www.carpinteria-aluminio.cat\/wp-content\/uploads\/2023\/02\/WhatsApp-Image-2023-02-24-at-17.31.09.jpeg 1200w\" sizes=\"auto, (max-width:767px) 480px, (max-width:768px) 100vw, 768px\" \/><\/a><\/figure>\n\n\n\n<figure class=\"wp-block-image size-large\"><a href=\"https:\/\/www.carpinteria-aluminio.cat\/wp-content\/uploads\/2023\/02\/WhatsApp-Image-2023-02-24-at-17.31.11-768x1024.jpeg\"><img loading=\"lazy\" decoding=\"async\" width=\"768\" height=\"1024\" data-id=\"41246\" src=\"https:\/\/www.carpinteria-aluminio.cat\/wp-content\/uploads\/2023\/02\/WhatsApp-Image-2023-02-24-at-17.31.11-768x1024.jpeg\" alt=\"\" class=\"wp-image-41246\" srcset=\"https:\/\/www.carpinteria-aluminio.cat\/wp-content\/uploads\/2023\/02\/WhatsApp-Image-2023-02-24-at-17.31.11-768x1024.jpeg 768w, https:\/\/www.carpinteria-aluminio.cat\/wp-content\/uploads\/2023\/02\/WhatsApp-Image-2023-02-24-at-17.31.11-225x300.jpeg 225w, https:\/\/www.carpinteria-aluminio.cat\/wp-content\/uploads\/2023\/02\/WhatsApp-Image-2023-02-24-at-17.31.11-1152x1536.jpeg 1152w, https:\/\/www.carpinteria-aluminio.cat\/wp-content\/uploads\/2023\/02\/WhatsApp-Image-2023-02-24-at-17.31.11-110x146.jpeg 110w, https:\/\/www.carpinteria-aluminio.cat\/wp-content\/uploads\/2023\/02\/WhatsApp-Image-2023-02-24-at-17.31.11-38x50.jpeg 38w, https:\/\/www.carpinteria-aluminio.cat\/wp-content\/uploads\/2023\/02\/WhatsApp-Image-2023-02-24-at-17.31.11-56x75.jpeg 56w, https:\/\/www.carpinteria-aluminio.cat\/wp-content\/uploads\/2023\/02\/WhatsApp-Image-2023-02-24-at-17.31.11.jpeg 1200w\" sizes=\"auto, (max-width:767px) 480px, (max-width:768px) 100vw, 768px\" \/><\/a><\/figure>\n<\/figure>\n","protected":false},"excerpt":{"rendered":"<p>Balcon \u00e0 3 vantaux coulissants sur 3 rails en aluminium laqu\u00e9 blanc et verre Climalit transparent, avec fermeture et poign\u00e9e. Ouverture \u00e0 gauche ou \u00e0 droite<span class=\"excerpt-hellip\"> [\u2026]<\/span><\/p>\n","protected":false},"author":2,"featured_media":49422,"comment_status":"closed","ping_status":"closed","sticky":false,"template":"","format":"standard","meta":{"_joinchat":[],"footnotes":""},"categories":[1263],"tags":[1266,1287,1283,1282,1288,1286,1267,1285,1268],"class_list":["post-49419","post","type-post","status-publish","format-standard","has-post-thumbnail","hentry","category-travaux-realises","tag-aluminium-fr","tag-balcon-fr","tag-barcelone","tag-boitier-en-aluminium-barcelone","tag-fenetre-en-aluminium","tag-finitions-des-profiles-en-aluminium","tag-laque","tag-les-fenetres","tag-verre"],"aioseo_notices":[],"_links":{"self":[{"href":"https:\/\/www.carpinteria-aluminio.cat\/fr\/wp-json\/wp\/v2\/posts\/49419","targetHints":{"allow":["GET"]}}],"collection":[{"href":"https:\/\/www.carpinteria-aluminio.cat\/fr\/wp-json\/wp\/v2\/posts"}],"about":[{"href":"https:\/\/www.carpinteria-aluminio.cat\/fr\/wp-json\/wp\/v2\/types\/post"}],"author":[{"embeddable":true,"href":"https:\/\/www.carpinteria-aluminio.cat\/fr\/wp-json\/wp\/v2\/users\/2"}],"replies":[{"embeddable":true,"href":"https:\/\/www.carpinteria-aluminio.cat\/fr\/wp-json\/wp\/v2\/comments?post=49419"}],"version-history":[{"count":2,"href":"https:\/\/www.carpinteria-aluminio.cat\/fr\/wp-json\/wp\/v2\/posts\/49419\/revisions"}],"predecessor-version":[{"id":49434,"href":"https:\/\/www.carpinteria-aluminio.cat\/fr\/wp-json\/wp\/v2\/posts\/49419\/revisions\/49434"}],"wp:featuredmedia":[{"embeddable":true,"href":"https:\/\/www.carpinteria-aluminio.cat\/fr\/wp-json\/wp\/v2\/media\/49422"}],"wp:attachment":[{"href":"https:\/\/www.carpinteria-aluminio.cat\/fr\/wp-json\/wp\/v2\/media?parent=49419"}],"wp:term":[{"taxonomy":"category","embeddable":true,"href":"https:\/\/www.carpinteria-aluminio.cat\/fr\/wp-json\/wp\/v2\/categories?post=49419"},{"taxonomy":"post_tag","embeddable":true,"href":"https:\/\/www.carpinteria-aluminio.cat\/fr\/wp-json\/wp\/v2\/tags?post=49419"}],"curies":[{"name":"wp","href":"https:\/\/api.w.org\/{rel}","templated":true}]}}