{"id":50912,"date":"2024-04-30T07:01:17","date_gmt":"2024-04-30T06:01:17","guid":{"rendered":"https:\/\/www.carpinteria-aluminio.cat\/?p=50912"},"modified":"2024-04-30T07:01:18","modified_gmt":"2024-04-30T06:01:18","slug":"porte-dentree-des-locaux-laquee-noir-mat-avec-verre-climalit","status":"publish","type":"post","link":"https:\/\/www.carpinteria-aluminio.cat\/fr\/porte-dentree-des-locaux-laquee-noir-mat-avec-verre-climalit\/","title":{"rendered":"Porte d&rsquo;entr\u00e9e des locaux laqu\u00e9e noir mat avec verre Climalit"},"content":{"rendered":"\n<p>Porte d&rsquo;entr\u00e9e des locaux avec verre transparent Climalit 4-16-4 de la s\u00e9rie 350 laqu\u00e9 noir mat avec rev\u00eatement 60&#215;44 mm compos\u00e9 d&rsquo;un plateau fixe et d&rsquo;une porte ouvrante \u00e0 un seul vantail.<\/p>\n\n<p>Dimensions 900x2470mm<\/p>\n\n<figure class=\"wp-block-gallery has-nested-images columns-default is-cropped wp-block-gallery-1 is-layout-flex wp-block-gallery-is-layout-flex\">\n<figure class=\"wp-block-image size-large\"><a href=\"https:\/\/www.carpinteria-aluminio.cat\/wp-content\/uploads\/2024\/04\/Imagen-de-WhatsApp-2024-04-18-a-las-08.49.40_af0875c9-576x1024.jpg\"><img loading=\"lazy\" decoding=\"async\" width=\"576\" height=\"1024\" data-id=\"50889\" src=\"https:\/\/www.carpinteria-aluminio.cat\/wp-content\/uploads\/2024\/04\/Imagen-de-WhatsApp-2024-04-18-a-las-08.49.40_af0875c9-576x1024.jpg\" alt=\"\" class=\"wp-image-50889\" srcset=\"https:\/\/www.carpinteria-aluminio.cat\/wp-content\/uploads\/2024\/04\/Imagen-de-WhatsApp-2024-04-18-a-las-08.49.40_af0875c9-576x1024.jpg 576w, https:\/\/www.carpinteria-aluminio.cat\/wp-content\/uploads\/2024\/04\/Imagen-de-WhatsApp-2024-04-18-a-las-08.49.40_af0875c9-169x300.jpg 169w, https:\/\/www.carpinteria-aluminio.cat\/wp-content\/uploads\/2024\/04\/Imagen-de-WhatsApp-2024-04-18-a-las-08.49.40_af0875c9-768x1365.jpg 768w, https:\/\/www.carpinteria-aluminio.cat\/wp-content\/uploads\/2024\/04\/Imagen-de-WhatsApp-2024-04-18-a-las-08.49.40_af0875c9-864x1536.jpg 864w, https:\/\/www.carpinteria-aluminio.cat\/wp-content\/uploads\/2024\/04\/Imagen-de-WhatsApp-2024-04-18-a-las-08.49.40_af0875c9-42x75.jpg 42w, https:\/\/www.carpinteria-aluminio.cat\/wp-content\/uploads\/2024\/04\/Imagen-de-WhatsApp-2024-04-18-a-las-08.49.40_af0875c9-480x853.jpg 480w, https:\/\/www.carpinteria-aluminio.cat\/wp-content\/uploads\/2024\/04\/Imagen-de-WhatsApp-2024-04-18-a-las-08.49.40_af0875c9.jpg 1152w\" sizes=\"auto, (max-width:767px) 480px, 576px\" \/><\/a><\/figure>\n\n\n\n<figure class=\"wp-block-image size-large\"><a href=\"https:\/\/www.carpinteria-aluminio.cat\/wp-content\/uploads\/2024\/04\/Imagen-de-WhatsApp-2024-04-18-a-las-08.49.40_5231ea8c-576x1024.jpg\"><img loading=\"lazy\" decoding=\"async\" width=\"576\" height=\"1024\" data-id=\"50890\" src=\"https:\/\/www.carpinteria-aluminio.cat\/wp-content\/uploads\/2024\/04\/Imagen-de-WhatsApp-2024-04-18-a-las-08.49.40_5231ea8c-576x1024.jpg\" alt=\"\" class=\"wp-image-50890\" srcset=\"https:\/\/www.carpinteria-aluminio.cat\/wp-content\/uploads\/2024\/04\/Imagen-de-WhatsApp-2024-04-18-a-las-08.49.40_5231ea8c-576x1024.jpg 576w, https:\/\/www.carpinteria-aluminio.cat\/wp-content\/uploads\/2024\/04\/Imagen-de-WhatsApp-2024-04-18-a-las-08.49.40_5231ea8c-169x300.jpg 169w, https:\/\/www.carpinteria-aluminio.cat\/wp-content\/uploads\/2024\/04\/Imagen-de-WhatsApp-2024-04-18-a-las-08.49.40_5231ea8c-768x1365.jpg 768w, https:\/\/www.carpinteria-aluminio.cat\/wp-content\/uploads\/2024\/04\/Imagen-de-WhatsApp-2024-04-18-a-las-08.49.40_5231ea8c-864x1536.jpg 864w, https:\/\/www.carpinteria-aluminio.cat\/wp-content\/uploads\/2024\/04\/Imagen-de-WhatsApp-2024-04-18-a-las-08.49.40_5231ea8c-42x75.jpg 42w, https:\/\/www.carpinteria-aluminio.cat\/wp-content\/uploads\/2024\/04\/Imagen-de-WhatsApp-2024-04-18-a-las-08.49.40_5231ea8c-480x853.jpg 480w, https:\/\/www.carpinteria-aluminio.cat\/wp-content\/uploads\/2024\/04\/Imagen-de-WhatsApp-2024-04-18-a-las-08.49.40_5231ea8c.jpg 1152w\" sizes=\"auto, (max-width:767px) 480px, 576px\" \/><\/a><\/figure>\n\n\n\n<figure class=\"wp-block-image size-large\"><a href=\"https:\/\/www.carpinteria-aluminio.cat\/wp-content\/uploads\/2024\/04\/Imagen-de-WhatsApp-2024-04-18-a-las-08.49.40_dfd92918-576x1024.jpg\"><img loading=\"lazy\" decoding=\"async\" width=\"576\" height=\"1024\" data-id=\"50888\" src=\"https:\/\/www.carpinteria-aluminio.cat\/wp-content\/uploads\/2024\/04\/Imagen-de-WhatsApp-2024-04-18-a-las-08.49.40_dfd92918-576x1024.jpg\" alt=\"\" class=\"wp-image-50888\" srcset=\"https:\/\/www.carpinteria-aluminio.cat\/wp-content\/uploads\/2024\/04\/Imagen-de-WhatsApp-2024-04-18-a-las-08.49.40_dfd92918-576x1024.jpg 576w, https:\/\/www.carpinteria-aluminio.cat\/wp-content\/uploads\/2024\/04\/Imagen-de-WhatsApp-2024-04-18-a-las-08.49.40_dfd92918-169x300.jpg 169w, https:\/\/www.carpinteria-aluminio.cat\/wp-content\/uploads\/2024\/04\/Imagen-de-WhatsApp-2024-04-18-a-las-08.49.40_dfd92918-768x1365.jpg 768w, https:\/\/www.carpinteria-aluminio.cat\/wp-content\/uploads\/2024\/04\/Imagen-de-WhatsApp-2024-04-18-a-las-08.49.40_dfd92918-864x1536.jpg 864w, https:\/\/www.carpinteria-aluminio.cat\/wp-content\/uploads\/2024\/04\/Imagen-de-WhatsApp-2024-04-18-a-las-08.49.40_dfd92918-42x75.jpg 42w, https:\/\/www.carpinteria-aluminio.cat\/wp-content\/uploads\/2024\/04\/Imagen-de-WhatsApp-2024-04-18-a-las-08.49.40_dfd92918-480x853.jpg 480w, https:\/\/www.carpinteria-aluminio.cat\/wp-content\/uploads\/2024\/04\/Imagen-de-WhatsApp-2024-04-18-a-las-08.49.40_dfd92918.jpg 1152w\" sizes=\"auto, (max-width:767px) 480px, 576px\" \/><\/a><\/figure>\n<\/figure>\n","protected":false},"excerpt":{"rendered":"<p>Porte d&rsquo;entr\u00e9e des locaux avec verre transparent Climalit 4-16-4 de la s\u00e9rie 350 laqu\u00e9 noir mat avec rev\u00eatement 60&#215;44 mm compos\u00e9 d&rsquo;un plateau fixe et d&rsquo;une<span class=\"excerpt-hellip\"> [\u2026]<\/span><\/p>\n","protected":false},"author":2,"featured_media":50897,"comment_status":"closed","ping_status":"closed","sticky":false,"template":"","format":"standard","meta":{"_joinchat":[],"footnotes":""},"categories":[1263],"tags":[1266,1284,1287,1283,1282,1288,1286,1267,1285,1268],"class_list":["post-50912","post","type-post","status-publish","format-standard","has-post-thumbnail","hentry","category-travaux-realises","tag-aluminium-fr","tag-aluminium-fr-2","tag-balcon-fr","tag-barcelone","tag-boitier-en-aluminium-barcelone","tag-fenetre-en-aluminium","tag-finitions-des-profiles-en-aluminium","tag-laque","tag-les-fenetres","tag-verre"],"aioseo_notices":[],"_links":{"self":[{"href":"https:\/\/www.carpinteria-aluminio.cat\/fr\/wp-json\/wp\/v2\/posts\/50912","targetHints":{"allow":["GET"]}}],"collection":[{"href":"https:\/\/www.carpinteria-aluminio.cat\/fr\/wp-json\/wp\/v2\/posts"}],"about":[{"href":"https:\/\/www.carpinteria-aluminio.cat\/fr\/wp-json\/wp\/v2\/types\/post"}],"author":[{"embeddable":true,"href":"https:\/\/www.carpinteria-aluminio.cat\/fr\/wp-json\/wp\/v2\/users\/2"}],"replies":[{"embeddable":true,"href":"https:\/\/www.carpinteria-aluminio.cat\/fr\/wp-json\/wp\/v2\/comments?post=50912"}],"version-history":[{"count":2,"href":"https:\/\/www.carpinteria-aluminio.cat\/fr\/wp-json\/wp\/v2\/posts\/50912\/revisions"}],"predecessor-version":[{"id":50962,"href":"https:\/\/www.carpinteria-aluminio.cat\/fr\/wp-json\/wp\/v2\/posts\/50912\/revisions\/50962"}],"wp:featuredmedia":[{"embeddable":true,"href":"https:\/\/www.carpinteria-aluminio.cat\/fr\/wp-json\/wp\/v2\/media\/50897"}],"wp:attachment":[{"href":"https:\/\/www.carpinteria-aluminio.cat\/fr\/wp-json\/wp\/v2\/media?parent=50912"}],"wp:term":[{"taxonomy":"category","embeddable":true,"href":"https:\/\/www.carpinteria-aluminio.cat\/fr\/wp-json\/wp\/v2\/categories?post=50912"},{"taxonomy":"post_tag","embeddable":true,"href":"https:\/\/www.carpinteria-aluminio.cat\/fr\/wp-json\/wp\/v2\/tags?post=50912"}],"curies":[{"name":"wp","href":"https:\/\/api.w.org\/{rel}","templated":true}]}}