{"id":51469,"date":"2024-05-13T08:42:56","date_gmt":"2024-05-13T07:42:56","guid":{"rendered":"https:\/\/www.carpinteria-aluminio.cat\/?p=51469"},"modified":"2024-05-13T08:42:57","modified_gmt":"2024-05-13T07:42:57","slug":"porte-exterieure-pliante-fermeture-avec-poignee-et-cle","status":"publish","type":"post","link":"https:\/\/www.carpinteria-aluminio.cat\/fr\/porte-exterieure-pliante-fermeture-avec-poignee-et-cle\/","title":{"rendered":"Porte ext\u00e9rieure pliante, fermeture avec poign\u00e9e et cl\u00e9"},"content":{"rendered":"\n<p>Porte ext\u00e9rieure pliante avec profil\u00e9 en aluminium s\u00e9rie 350 laqu\u00e9 blanc et verre climalit\u00ae acide mat, fermant avec poign\u00e9e et cl\u00e9.<\/p>\n\n<figure class=\"wp-block-gallery has-nested-images columns-default is-cropped wp-block-gallery-1 is-layout-flex wp-block-gallery-is-layout-flex\">\n<figure class=\"wp-block-image size-large\"><a href=\"https:\/\/www.carpinteria-aluminio.cat\/wp-content\/uploads\/2024\/05\/Imagen-de-WhatsApp-2023-12-21-a-las-11.35.11_86db280f-768x1024.jpg\"><img loading=\"lazy\" decoding=\"async\" width=\"768\" height=\"1024\" data-id=\"51254\" src=\"https:\/\/www.carpinteria-aluminio.cat\/wp-content\/uploads\/2024\/05\/Imagen-de-WhatsApp-2023-12-21-a-las-11.35.11_86db280f-768x1024.jpg\" alt=\"\" class=\"wp-image-51254\" srcset=\"https:\/\/www.carpinteria-aluminio.cat\/wp-content\/uploads\/2024\/05\/Imagen-de-WhatsApp-2023-12-21-a-las-11.35.11_86db280f-768x1024.jpg 768w, https:\/\/www.carpinteria-aluminio.cat\/wp-content\/uploads\/2024\/05\/Imagen-de-WhatsApp-2023-12-21-a-las-11.35.11_86db280f-225x300.jpg 225w, https:\/\/www.carpinteria-aluminio.cat\/wp-content\/uploads\/2024\/05\/Imagen-de-WhatsApp-2023-12-21-a-las-11.35.11_86db280f-1152x1536.jpg 1152w, https:\/\/www.carpinteria-aluminio.cat\/wp-content\/uploads\/2024\/05\/Imagen-de-WhatsApp-2023-12-21-a-las-11.35.11_86db280f-56x75.jpg 56w, https:\/\/www.carpinteria-aluminio.cat\/wp-content\/uploads\/2024\/05\/Imagen-de-WhatsApp-2023-12-21-a-las-11.35.11_86db280f-480x640.jpg 480w, https:\/\/www.carpinteria-aluminio.cat\/wp-content\/uploads\/2024\/05\/Imagen-de-WhatsApp-2023-12-21-a-las-11.35.11_86db280f.jpg 1500w\" sizes=\"auto, (max-width:767px) 480px, (max-width:768px) 100vw, 768px\" \/><\/a><\/figure>\n<\/figure>\n","protected":false},"excerpt":{"rendered":"<p>Porte ext\u00e9rieure pliante avec profil\u00e9 en aluminium s\u00e9rie 350 laqu\u00e9 blanc et verre climalit\u00ae acide mat, fermant avec poign\u00e9e et cl\u00e9.<\/p>\n","protected":false},"author":2,"featured_media":51257,"comment_status":"closed","ping_status":"closed","sticky":false,"template":"","format":"standard","meta":{"_joinchat":[],"footnotes":""},"categories":[1263],"tags":[1266,1284,1287,1283,1282,1288,1286,1267,1285,1268],"class_list":["post-51469","post","type-post","status-publish","format-standard","has-post-thumbnail","hentry","category-travaux-realises","tag-aluminium-fr","tag-aluminium-fr-2","tag-balcon-fr","tag-barcelone","tag-boitier-en-aluminium-barcelone","tag-fenetre-en-aluminium","tag-finitions-des-profiles-en-aluminium","tag-laque","tag-les-fenetres","tag-verre"],"aioseo_notices":[],"_links":{"self":[{"href":"https:\/\/www.carpinteria-aluminio.cat\/fr\/wp-json\/wp\/v2\/posts\/51469","targetHints":{"allow":["GET"]}}],"collection":[{"href":"https:\/\/www.carpinteria-aluminio.cat\/fr\/wp-json\/wp\/v2\/posts"}],"about":[{"href":"https:\/\/www.carpinteria-aluminio.cat\/fr\/wp-json\/wp\/v2\/types\/post"}],"author":[{"embeddable":true,"href":"https:\/\/www.carpinteria-aluminio.cat\/fr\/wp-json\/wp\/v2\/users\/2"}],"replies":[{"embeddable":true,"href":"https:\/\/www.carpinteria-aluminio.cat\/fr\/wp-json\/wp\/v2\/comments?post=51469"}],"version-history":[{"count":2,"href":"https:\/\/www.carpinteria-aluminio.cat\/fr\/wp-json\/wp\/v2\/posts\/51469\/revisions"}],"predecessor-version":[{"id":51472,"href":"https:\/\/www.carpinteria-aluminio.cat\/fr\/wp-json\/wp\/v2\/posts\/51469\/revisions\/51472"}],"wp:featuredmedia":[{"embeddable":true,"href":"https:\/\/www.carpinteria-aluminio.cat\/fr\/wp-json\/wp\/v2\/media\/51257"}],"wp:attachment":[{"href":"https:\/\/www.carpinteria-aluminio.cat\/fr\/wp-json\/wp\/v2\/media?parent=51469"}],"wp:term":[{"taxonomy":"category","embeddable":true,"href":"https:\/\/www.carpinteria-aluminio.cat\/fr\/wp-json\/wp\/v2\/categories?post=51469"},{"taxonomy":"post_tag","embeddable":true,"href":"https:\/\/www.carpinteria-aluminio.cat\/fr\/wp-json\/wp\/v2\/tags?post=51469"}],"curies":[{"name":"wp","href":"https:\/\/api.w.org\/{rel}","templated":true}]}}