{"id":51892,"date":"2024-05-30T07:39:09","date_gmt":"2024-05-30T06:39:09","guid":{"rendered":"https:\/\/www.carpinteria-aluminio.cat\/?p=51892"},"modified":"2024-05-30T07:39:12","modified_gmt":"2024-05-30T06:39:12","slug":"porte-drapeau","status":"publish","type":"post","link":"https:\/\/www.carpinteria-aluminio.cat\/fr\/porte-drapeau\/","title":{"rendered":"Porte drapeau"},"content":{"rendered":"\n<p>Porte drapeau dans la cuisine donnant sur la terrasse compos\u00e9e d&rsquo;une porte avec plateau inf\u00e9rieur pour grille d&rsquo;a\u00e9ration et d&rsquo;une fen\u00eatre pliante avec profil\u00e9 en aluminium blanc et verre Climalit.<\/p>\n\n<figure class=\"wp-block-gallery has-nested-images columns-default is-cropped wp-block-gallery-1 is-layout-flex wp-block-gallery-is-layout-flex\">\n<figure class=\"wp-block-image size-large\"><a href=\"https:\/\/www.carpinteria-aluminio.cat\/wp-content\/uploads\/2024\/05\/cbaf6c40-4fb0-42eb-90b8-bd89d9933810-768x1024.jpg\"><img loading=\"lazy\" decoding=\"async\" width=\"768\" height=\"1024\" data-id=\"51276\" src=\"https:\/\/www.carpinteria-aluminio.cat\/wp-content\/uploads\/2024\/05\/cbaf6c40-4fb0-42eb-90b8-bd89d9933810-768x1024.jpg\" alt=\"\" class=\"wp-image-51276\" srcset=\"https:\/\/www.carpinteria-aluminio.cat\/wp-content\/uploads\/2024\/05\/cbaf6c40-4fb0-42eb-90b8-bd89d9933810-768x1024.jpg 768w, https:\/\/www.carpinteria-aluminio.cat\/wp-content\/uploads\/2024\/05\/cbaf6c40-4fb0-42eb-90b8-bd89d9933810-225x300.jpg 225w, https:\/\/www.carpinteria-aluminio.cat\/wp-content\/uploads\/2024\/05\/cbaf6c40-4fb0-42eb-90b8-bd89d9933810-1152x1536.jpg 1152w, https:\/\/www.carpinteria-aluminio.cat\/wp-content\/uploads\/2024\/05\/cbaf6c40-4fb0-42eb-90b8-bd89d9933810-56x75.jpg 56w, https:\/\/www.carpinteria-aluminio.cat\/wp-content\/uploads\/2024\/05\/cbaf6c40-4fb0-42eb-90b8-bd89d9933810-480x640.jpg 480w, https:\/\/www.carpinteria-aluminio.cat\/wp-content\/uploads\/2024\/05\/cbaf6c40-4fb0-42eb-90b8-bd89d9933810.jpg 1200w\" sizes=\"auto, (max-width:767px) 480px, (max-width:768px) 100vw, 768px\" \/><\/a><\/figure>\n<\/figure>\n","protected":false},"excerpt":{"rendered":"<p>Porte drapeau dans la cuisine donnant sur la terrasse compos\u00e9e d&rsquo;une porte avec plateau inf\u00e9rieur pour grille d&rsquo;a\u00e9ration et d&rsquo;une fen\u00eatre pliante avec profil\u00e9 en aluminium<span class=\"excerpt-hellip\"> [\u2026]<\/span><\/p>\n","protected":false},"author":2,"featured_media":51279,"comment_status":"closed","ping_status":"closed","sticky":false,"template":"","format":"standard","meta":{"_joinchat":[],"footnotes":""},"categories":[1263],"tags":[1266,1284,1287,1283,1282,1288,1286,1267,1285,1268],"class_list":["post-51892","post","type-post","status-publish","format-standard","has-post-thumbnail","hentry","category-travaux-realises","tag-aluminium-fr","tag-aluminium-fr-2","tag-balcon-fr","tag-barcelone","tag-boitier-en-aluminium-barcelone","tag-fenetre-en-aluminium","tag-finitions-des-profiles-en-aluminium","tag-laque","tag-les-fenetres","tag-verre"],"aioseo_notices":[],"_links":{"self":[{"href":"https:\/\/www.carpinteria-aluminio.cat\/fr\/wp-json\/wp\/v2\/posts\/51892","targetHints":{"allow":["GET"]}}],"collection":[{"href":"https:\/\/www.carpinteria-aluminio.cat\/fr\/wp-json\/wp\/v2\/posts"}],"about":[{"href":"https:\/\/www.carpinteria-aluminio.cat\/fr\/wp-json\/wp\/v2\/types\/post"}],"author":[{"embeddable":true,"href":"https:\/\/www.carpinteria-aluminio.cat\/fr\/wp-json\/wp\/v2\/users\/2"}],"replies":[{"embeddable":true,"href":"https:\/\/www.carpinteria-aluminio.cat\/fr\/wp-json\/wp\/v2\/comments?post=51892"}],"version-history":[{"count":2,"href":"https:\/\/www.carpinteria-aluminio.cat\/fr\/wp-json\/wp\/v2\/posts\/51892\/revisions"}],"predecessor-version":[{"id":51896,"href":"https:\/\/www.carpinteria-aluminio.cat\/fr\/wp-json\/wp\/v2\/posts\/51892\/revisions\/51896"}],"wp:featuredmedia":[{"embeddable":true,"href":"https:\/\/www.carpinteria-aluminio.cat\/fr\/wp-json\/wp\/v2\/media\/51279"}],"wp:attachment":[{"href":"https:\/\/www.carpinteria-aluminio.cat\/fr\/wp-json\/wp\/v2\/media?parent=51892"}],"wp:term":[{"taxonomy":"category","embeddable":true,"href":"https:\/\/www.carpinteria-aluminio.cat\/fr\/wp-json\/wp\/v2\/categories?post=51892"},{"taxonomy":"post_tag","embeddable":true,"href":"https:\/\/www.carpinteria-aluminio.cat\/fr\/wp-json\/wp\/v2\/tags?post=51892"}],"curies":[{"name":"wp","href":"https:\/\/api.w.org\/{rel}","templated":true}]}}