{"id":54463,"date":"2024-07-23T11:43:55","date_gmt":"2024-07-23T10:43:55","guid":{"rendered":"https:\/\/www.carpinteria-aluminio.cat\/?p=54463"},"modified":"2024-07-23T11:43:56","modified_gmt":"2024-07-23T10:43:56","slug":"fenetre-coulissante-a-deux-vantaux-avec-verre-pare-soleil-climalit-de-la-serie-silver-76-rpt-minimalist","status":"publish","type":"post","link":"https:\/\/www.carpinteria-aluminio.cat\/fr\/fenetre-coulissante-a-deux-vantaux-avec-verre-pare-soleil-climalit-de-la-serie-silver-76-rpt-minimalist\/","title":{"rendered":"Fen\u00eatre coulissante \u00e0 deux vantaux avec verre pare-soleil Climalit de la s\u00e9rie SILVER 76 RPT Minimalist"},"content":{"rendered":"\n<p>Fen\u00eatre coulissante \u00e0 deux vantaux avec verre pare-soleil climalit\u00ae 4-16-4 de la s\u00e9rie SILVER 76 RPT Minimalist en laqu\u00e9 blanc avec fermeture \u00e0 g\u00e2chette.<br\/>Mesure : 680 x 1180 mm.<\/p>\n\n<figure class=\"wp-block-gallery has-nested-images columns-default is-cropped wp-block-gallery-1 is-layout-flex wp-block-gallery-is-layout-flex\">\n<figure class=\"wp-block-image size-large\"><a href=\"https:\/\/www.carpinteria-aluminio.cat\/wp-content\/uploads\/2024\/07\/Imagen-de-WhatsApp-2024-07-21-a-las-10.13.03_804416de-768x1024.jpg\"><img loading=\"lazy\" decoding=\"async\" width=\"768\" height=\"1024\" data-id=\"54445\" src=\"https:\/\/www.carpinteria-aluminio.cat\/wp-content\/uploads\/2024\/07\/Imagen-de-WhatsApp-2024-07-21-a-las-10.13.03_804416de-768x1024.jpg\" alt=\"\" class=\"wp-image-54445\" srcset=\"https:\/\/www.carpinteria-aluminio.cat\/wp-content\/uploads\/2024\/07\/Imagen-de-WhatsApp-2024-07-21-a-las-10.13.03_804416de-768x1024.jpg 768w, https:\/\/www.carpinteria-aluminio.cat\/wp-content\/uploads\/2024\/07\/Imagen-de-WhatsApp-2024-07-21-a-las-10.13.03_804416de-225x300.jpg 225w, https:\/\/www.carpinteria-aluminio.cat\/wp-content\/uploads\/2024\/07\/Imagen-de-WhatsApp-2024-07-21-a-las-10.13.03_804416de-1152x1536.jpg 1152w, https:\/\/www.carpinteria-aluminio.cat\/wp-content\/uploads\/2024\/07\/Imagen-de-WhatsApp-2024-07-21-a-las-10.13.03_804416de-56x75.jpg 56w, https:\/\/www.carpinteria-aluminio.cat\/wp-content\/uploads\/2024\/07\/Imagen-de-WhatsApp-2024-07-21-a-las-10.13.03_804416de-480x640.jpg 480w, https:\/\/www.carpinteria-aluminio.cat\/wp-content\/uploads\/2024\/07\/Imagen-de-WhatsApp-2024-07-21-a-las-10.13.03_804416de.jpg 1536w\" sizes=\"auto, (max-width:767px) 480px, (max-width:768px) 100vw, 768px\" \/><\/a><\/figure>\n\n\n\n<figure class=\"wp-block-image size-large\"><a href=\"https:\/\/www.carpinteria-aluminio.cat\/wp-content\/uploads\/2024\/07\/Imagen-de-WhatsApp-2024-07-21-a-las-10.13.03_ce135eec-768x1024.jpg\"><img loading=\"lazy\" decoding=\"async\" width=\"768\" height=\"1024\" data-id=\"54441\" src=\"https:\/\/www.carpinteria-aluminio.cat\/wp-content\/uploads\/2024\/07\/Imagen-de-WhatsApp-2024-07-21-a-las-10.13.03_ce135eec-768x1024.jpg\" alt=\"\" class=\"wp-image-54441\" srcset=\"https:\/\/www.carpinteria-aluminio.cat\/wp-content\/uploads\/2024\/07\/Imagen-de-WhatsApp-2024-07-21-a-las-10.13.03_ce135eec-768x1024.jpg 768w, https:\/\/www.carpinteria-aluminio.cat\/wp-content\/uploads\/2024\/07\/Imagen-de-WhatsApp-2024-07-21-a-las-10.13.03_ce135eec-225x300.jpg 225w, https:\/\/www.carpinteria-aluminio.cat\/wp-content\/uploads\/2024\/07\/Imagen-de-WhatsApp-2024-07-21-a-las-10.13.03_ce135eec-1152x1536.jpg 1152w, https:\/\/www.carpinteria-aluminio.cat\/wp-content\/uploads\/2024\/07\/Imagen-de-WhatsApp-2024-07-21-a-las-10.13.03_ce135eec-56x75.jpg 56w, https:\/\/www.carpinteria-aluminio.cat\/wp-content\/uploads\/2024\/07\/Imagen-de-WhatsApp-2024-07-21-a-las-10.13.03_ce135eec-480x640.jpg 480w, https:\/\/www.carpinteria-aluminio.cat\/wp-content\/uploads\/2024\/07\/Imagen-de-WhatsApp-2024-07-21-a-las-10.13.03_ce135eec.jpg 1536w\" sizes=\"auto, (max-width:767px) 480px, (max-width:768px) 100vw, 768px\" \/><\/a><\/figure>\n\n\n\n<figure class=\"wp-block-image size-large\"><a href=\"https:\/\/www.carpinteria-aluminio.cat\/wp-content\/uploads\/2024\/07\/Imagen-de-WhatsApp-2024-07-21-a-las-10.13.03_f81e0b5b-768x1024.jpg\"><img loading=\"lazy\" decoding=\"async\" width=\"768\" height=\"1024\" data-id=\"54447\" src=\"https:\/\/www.carpinteria-aluminio.cat\/wp-content\/uploads\/2024\/07\/Imagen-de-WhatsApp-2024-07-21-a-las-10.13.03_f81e0b5b-768x1024.jpg\" alt=\"\" class=\"wp-image-54447\" srcset=\"https:\/\/www.carpinteria-aluminio.cat\/wp-content\/uploads\/2024\/07\/Imagen-de-WhatsApp-2024-07-21-a-las-10.13.03_f81e0b5b-768x1024.jpg 768w, https:\/\/www.carpinteria-aluminio.cat\/wp-content\/uploads\/2024\/07\/Imagen-de-WhatsApp-2024-07-21-a-las-10.13.03_f81e0b5b-225x300.jpg 225w, https:\/\/www.carpinteria-aluminio.cat\/wp-content\/uploads\/2024\/07\/Imagen-de-WhatsApp-2024-07-21-a-las-10.13.03_f81e0b5b-1152x1536.jpg 1152w, https:\/\/www.carpinteria-aluminio.cat\/wp-content\/uploads\/2024\/07\/Imagen-de-WhatsApp-2024-07-21-a-las-10.13.03_f81e0b5b-56x75.jpg 56w, https:\/\/www.carpinteria-aluminio.cat\/wp-content\/uploads\/2024\/07\/Imagen-de-WhatsApp-2024-07-21-a-las-10.13.03_f81e0b5b-480x640.jpg 480w, https:\/\/www.carpinteria-aluminio.cat\/wp-content\/uploads\/2024\/07\/Imagen-de-WhatsApp-2024-07-21-a-las-10.13.03_f81e0b5b.jpg 1536w\" sizes=\"auto, (max-width:767px) 480px, (max-width:768px) 100vw, 768px\" \/><\/a><\/figure>\n<\/figure>\n","protected":false},"excerpt":{"rendered":"<p>Fen\u00eatre coulissante \u00e0 deux vantaux avec verre pare-soleil climalit\u00ae 4-16-4 de la s\u00e9rie SILVER 76 RPT Minimalist en laqu\u00e9 blanc avec fermeture \u00e0 g\u00e2chette.Mesure : 680<span class=\"excerpt-hellip\"> [\u2026]<\/span><\/p>\n","protected":false},"author":2,"featured_media":54444,"comment_status":"closed","ping_status":"closed","sticky":false,"template":"","format":"standard","meta":{"_joinchat":[],"footnotes":""},"categories":[1263],"tags":[1266,1284,1287,1283,1282,1288,1286,1267,1285,1268],"class_list":["post-54463","post","type-post","status-publish","format-standard","has-post-thumbnail","hentry","category-travaux-realises","tag-aluminium-fr","tag-aluminium-fr-2","tag-balcon-fr","tag-barcelone","tag-boitier-en-aluminium-barcelone","tag-fenetre-en-aluminium","tag-finitions-des-profiles-en-aluminium","tag-laque","tag-les-fenetres","tag-verre"],"aioseo_notices":[],"_links":{"self":[{"href":"https:\/\/www.carpinteria-aluminio.cat\/fr\/wp-json\/wp\/v2\/posts\/54463","targetHints":{"allow":["GET"]}}],"collection":[{"href":"https:\/\/www.carpinteria-aluminio.cat\/fr\/wp-json\/wp\/v2\/posts"}],"about":[{"href":"https:\/\/www.carpinteria-aluminio.cat\/fr\/wp-json\/wp\/v2\/types\/post"}],"author":[{"embeddable":true,"href":"https:\/\/www.carpinteria-aluminio.cat\/fr\/wp-json\/wp\/v2\/users\/2"}],"replies":[{"embeddable":true,"href":"https:\/\/www.carpinteria-aluminio.cat\/fr\/wp-json\/wp\/v2\/comments?post=54463"}],"version-history":[{"count":2,"href":"https:\/\/www.carpinteria-aluminio.cat\/fr\/wp-json\/wp\/v2\/posts\/54463\/revisions"}],"predecessor-version":[{"id":54469,"href":"https:\/\/www.carpinteria-aluminio.cat\/fr\/wp-json\/wp\/v2\/posts\/54463\/revisions\/54469"}],"wp:featuredmedia":[{"embeddable":true,"href":"https:\/\/www.carpinteria-aluminio.cat\/fr\/wp-json\/wp\/v2\/media\/54444"}],"wp:attachment":[{"href":"https:\/\/www.carpinteria-aluminio.cat\/fr\/wp-json\/wp\/v2\/media?parent=54463"}],"wp:term":[{"taxonomy":"category","embeddable":true,"href":"https:\/\/www.carpinteria-aluminio.cat\/fr\/wp-json\/wp\/v2\/categories?post=54463"},{"taxonomy":"post_tag","embeddable":true,"href":"https:\/\/www.carpinteria-aluminio.cat\/fr\/wp-json\/wp\/v2\/tags?post=54463"}],"curies":[{"name":"wp","href":"https:\/\/api.w.org\/{rel}","templated":true}]}}