{"id":57201,"date":"2024-09-25T20:45:29","date_gmt":"2024-09-25T19:45:29","guid":{"rendered":"https:\/\/www.carpinteria-aluminio.cat\/?p=57201"},"modified":"2024-09-25T20:45:30","modified_gmt":"2024-09-25T19:45:30","slug":"fenetre-a-charniere-laquee-blanche-avec-carglass-climalit-avec-traitement-sunguard","status":"publish","type":"post","link":"https:\/\/www.carpinteria-aluminio.cat\/fr\/fenetre-a-charniere-laquee-blanche-avec-carglass-climalit-avec-traitement-sunguard\/","title":{"rendered":"Fen\u00eatre \u00e0 charni\u00e8re laqu\u00e9e blanche avec carglass Climalit avec traitement Sunguard"},"content":{"rendered":"\n<p>Fen\u00eatre \u00e0 battant avec double vitrage 4 sunguard &#8211; 16 &#8211; 4 carglas nouvelle de la s\u00e9rie 350 EUR.\n<br\/>en laqu\u00e9 blanc, avec doublure de 85 mm.\nDimensions : 990 x 890 mm.  <\/p>\n\n<figure class=\"wp-block-gallery has-nested-images columns-default is-cropped wp-block-gallery-1 is-layout-flex wp-block-gallery-is-layout-flex\">\n<figure class=\"wp-block-image size-large\"><a href=\"https:\/\/www.carpinteria-aluminio.cat\/wp-content\/uploads\/2024\/09\/Imagen-de-WhatsApp-2024-09-06-a-las-17.26.14_73a1c05d-2-768x1024.jpg\"><img loading=\"lazy\" decoding=\"async\" width=\"768\" height=\"1024\" data-id=\"57183\" src=\"https:\/\/www.carpinteria-aluminio.cat\/wp-content\/uploads\/2024\/09\/Imagen-de-WhatsApp-2024-09-06-a-las-17.26.14_73a1c05d-2-768x1024.jpg\" alt=\"\" class=\"wp-image-57183\" srcset=\"https:\/\/www.carpinteria-aluminio.cat\/wp-content\/uploads\/2024\/09\/Imagen-de-WhatsApp-2024-09-06-a-las-17.26.14_73a1c05d-2-768x1024.jpg 768w, https:\/\/www.carpinteria-aluminio.cat\/wp-content\/uploads\/2024\/09\/Imagen-de-WhatsApp-2024-09-06-a-las-17.26.14_73a1c05d-2-225x300.jpg 225w, https:\/\/www.carpinteria-aluminio.cat\/wp-content\/uploads\/2024\/09\/Imagen-de-WhatsApp-2024-09-06-a-las-17.26.14_73a1c05d-2-1152x1536.jpg 1152w, https:\/\/www.carpinteria-aluminio.cat\/wp-content\/uploads\/2024\/09\/Imagen-de-WhatsApp-2024-09-06-a-las-17.26.14_73a1c05d-2-56x75.jpg 56w, https:\/\/www.carpinteria-aluminio.cat\/wp-content\/uploads\/2024\/09\/Imagen-de-WhatsApp-2024-09-06-a-las-17.26.14_73a1c05d-2-480x640.jpg 480w, https:\/\/www.carpinteria-aluminio.cat\/wp-content\/uploads\/2024\/09\/Imagen-de-WhatsApp-2024-09-06-a-las-17.26.14_73a1c05d-2.jpg 1536w\" sizes=\"auto, (max-width:767px) 480px, (max-width:768px) 100vw, 768px\" \/><\/a><\/figure>\n\n\n\n<figure class=\"wp-block-image size-large\"><a href=\"https:\/\/www.carpinteria-aluminio.cat\/wp-content\/uploads\/2024\/09\/Imagen-de-WhatsApp-2024-09-06-a-las-17.26.14_97877640-2-768x1024.jpg\"><img loading=\"lazy\" decoding=\"async\" width=\"768\" height=\"1024\" data-id=\"57185\" src=\"https:\/\/www.carpinteria-aluminio.cat\/wp-content\/uploads\/2024\/09\/Imagen-de-WhatsApp-2024-09-06-a-las-17.26.14_97877640-2-768x1024.jpg\" alt=\"\" class=\"wp-image-57185\" srcset=\"https:\/\/www.carpinteria-aluminio.cat\/wp-content\/uploads\/2024\/09\/Imagen-de-WhatsApp-2024-09-06-a-las-17.26.14_97877640-2-768x1024.jpg 768w, https:\/\/www.carpinteria-aluminio.cat\/wp-content\/uploads\/2024\/09\/Imagen-de-WhatsApp-2024-09-06-a-las-17.26.14_97877640-2-225x300.jpg 225w, https:\/\/www.carpinteria-aluminio.cat\/wp-content\/uploads\/2024\/09\/Imagen-de-WhatsApp-2024-09-06-a-las-17.26.14_97877640-2-1152x1536.jpg 1152w, https:\/\/www.carpinteria-aluminio.cat\/wp-content\/uploads\/2024\/09\/Imagen-de-WhatsApp-2024-09-06-a-las-17.26.14_97877640-2-56x75.jpg 56w, https:\/\/www.carpinteria-aluminio.cat\/wp-content\/uploads\/2024\/09\/Imagen-de-WhatsApp-2024-09-06-a-las-17.26.14_97877640-2-480x640.jpg 480w, https:\/\/www.carpinteria-aluminio.cat\/wp-content\/uploads\/2024\/09\/Imagen-de-WhatsApp-2024-09-06-a-las-17.26.14_97877640-2.jpg 1536w\" sizes=\"auto, (max-width:767px) 480px, (max-width:768px) 100vw, 768px\" \/><\/a><\/figure>\n<\/figure>\n","protected":false},"excerpt":{"rendered":"<p>Fen\u00eatre \u00e0 battant avec double vitrage 4 sunguard &#8211; 16 &#8211; 4 carglas nouvelle de la s\u00e9rie 350 EUR. en laqu\u00e9 blanc, avec doublure de 85<span class=\"excerpt-hellip\"> [\u2026]<\/span><\/p>\n","protected":false},"author":2,"featured_media":57191,"comment_status":"closed","ping_status":"closed","sticky":false,"template":"","format":"standard","meta":{"_joinchat":[],"footnotes":""},"categories":[1263],"tags":[1266,1284,1287,1283,1282,1288,1286,1267,1285,1268],"class_list":["post-57201","post","type-post","status-publish","format-standard","has-post-thumbnail","hentry","category-travaux-realises","tag-aluminium-fr","tag-aluminium-fr-2","tag-balcon-fr","tag-barcelone","tag-boitier-en-aluminium-barcelone","tag-fenetre-en-aluminium","tag-finitions-des-profiles-en-aluminium","tag-laque","tag-les-fenetres","tag-verre"],"aioseo_notices":[],"_links":{"self":[{"href":"https:\/\/www.carpinteria-aluminio.cat\/fr\/wp-json\/wp\/v2\/posts\/57201","targetHints":{"allow":["GET"]}}],"collection":[{"href":"https:\/\/www.carpinteria-aluminio.cat\/fr\/wp-json\/wp\/v2\/posts"}],"about":[{"href":"https:\/\/www.carpinteria-aluminio.cat\/fr\/wp-json\/wp\/v2\/types\/post"}],"author":[{"embeddable":true,"href":"https:\/\/www.carpinteria-aluminio.cat\/fr\/wp-json\/wp\/v2\/users\/2"}],"replies":[{"embeddable":true,"href":"https:\/\/www.carpinteria-aluminio.cat\/fr\/wp-json\/wp\/v2\/comments?post=57201"}],"version-history":[{"count":2,"href":"https:\/\/www.carpinteria-aluminio.cat\/fr\/wp-json\/wp\/v2\/posts\/57201\/revisions"}],"predecessor-version":[{"id":57211,"href":"https:\/\/www.carpinteria-aluminio.cat\/fr\/wp-json\/wp\/v2\/posts\/57201\/revisions\/57211"}],"wp:featuredmedia":[{"embeddable":true,"href":"https:\/\/www.carpinteria-aluminio.cat\/fr\/wp-json\/wp\/v2\/media\/57191"}],"wp:attachment":[{"href":"https:\/\/www.carpinteria-aluminio.cat\/fr\/wp-json\/wp\/v2\/media?parent=57201"}],"wp:term":[{"taxonomy":"category","embeddable":true,"href":"https:\/\/www.carpinteria-aluminio.cat\/fr\/wp-json\/wp\/v2\/categories?post=57201"},{"taxonomy":"post_tag","embeddable":true,"href":"https:\/\/www.carpinteria-aluminio.cat\/fr\/wp-json\/wp\/v2\/tags?post=57201"}],"curies":[{"name":"wp","href":"https:\/\/api.w.org\/{rel}","templated":true}]}}