{"id":57214,"date":"2024-10-03T16:23:47","date_gmt":"2024-10-03T15:23:47","guid":{"rendered":"https:\/\/www.carpinteria-aluminio.cat\/?p=57214"},"modified":"2024-10-03T16:23:47","modified_gmt":"2024-10-03T15:23:47","slug":"fermeture-de-la-buanderie-avec-structure-serie-silver-70-tole-sandwich-et-climalit-4-10-carglass-new-glass","status":"publish","type":"post","link":"https:\/\/www.carpinteria-aluminio.cat\/fr\/fermeture-de-la-buanderie-avec-structure-serie-silver-70-tole-sandwich-et-climalit-4-10-carglass-new-glass\/","title":{"rendered":"Fermeture de la buanderie avec structure s\u00e9rie Silver 70, t\u00f4le sandwich et climalit\u00ae 4-10-carglass new glass"},"content":{"rendered":"\n<p>Structure de la croix droite de la s\u00e9rie SILVER 70 en laque blanche compos\u00e9e de.. :<\/p>\n\n<p><br\/>Fen\u00eatre coulissante \u00e0 trois vantaux en verre neuf climalit\u00ae 4-10-carglass, fix\u00e9e en bas par une plaque sandwich. Dimensions : 1130 x 2070 mm.<\/p>\n\n<p>Dans la partie sup\u00e9rieure, fen\u00eatre \u00e0 battant avec climalit\u00ae 4-16-carglass new glass et fix\u00e9e avec une plaque sandwich.\nDimensions : 1130 x 600 mm. <\/p>\n\n<figure class=\"wp-block-gallery has-nested-images columns-default is-cropped wp-block-gallery-1 is-layout-flex wp-block-gallery-is-layout-flex\">\n<figure class=\"wp-block-image size-large\"><a href=\"https:\/\/www.carpinteria-aluminio.cat\/wp-content\/uploads\/2024\/09\/Imagen-de-WhatsApp-2024-09-06-a-las-08.53.18_360274e2-768x1024.jpg\"><img loading=\"lazy\" decoding=\"async\" width=\"768\" height=\"1024\" data-id=\"57171\" src=\"https:\/\/www.carpinteria-aluminio.cat\/wp-content\/uploads\/2024\/09\/Imagen-de-WhatsApp-2024-09-06-a-las-08.53.18_360274e2-768x1024.jpg\" alt=\"\" class=\"wp-image-57171\" srcset=\"https:\/\/www.carpinteria-aluminio.cat\/wp-content\/uploads\/2024\/09\/Imagen-de-WhatsApp-2024-09-06-a-las-08.53.18_360274e2-768x1024.jpg 768w, https:\/\/www.carpinteria-aluminio.cat\/wp-content\/uploads\/2024\/09\/Imagen-de-WhatsApp-2024-09-06-a-las-08.53.18_360274e2-225x300.jpg 225w, https:\/\/www.carpinteria-aluminio.cat\/wp-content\/uploads\/2024\/09\/Imagen-de-WhatsApp-2024-09-06-a-las-08.53.18_360274e2-1152x1536.jpg 1152w, https:\/\/www.carpinteria-aluminio.cat\/wp-content\/uploads\/2024\/09\/Imagen-de-WhatsApp-2024-09-06-a-las-08.53.18_360274e2-56x75.jpg 56w, https:\/\/www.carpinteria-aluminio.cat\/wp-content\/uploads\/2024\/09\/Imagen-de-WhatsApp-2024-09-06-a-las-08.53.18_360274e2-480x640.jpg 480w, https:\/\/www.carpinteria-aluminio.cat\/wp-content\/uploads\/2024\/09\/Imagen-de-WhatsApp-2024-09-06-a-las-08.53.18_360274e2.jpg 1536w\" sizes=\"auto, (max-width:767px) 480px, (max-width:768px) 100vw, 768px\" \/><\/a><\/figure>\n\n\n\n<figure class=\"wp-block-image size-large\"><a href=\"https:\/\/www.carpinteria-aluminio.cat\/wp-content\/uploads\/2024\/09\/Imagen-de-WhatsApp-2024-09-06-a-las-08.53.18_31988876-768x1024.jpg\"><img loading=\"lazy\" decoding=\"async\" width=\"768\" height=\"1024\" data-id=\"57170\" src=\"https:\/\/www.carpinteria-aluminio.cat\/wp-content\/uploads\/2024\/09\/Imagen-de-WhatsApp-2024-09-06-a-las-08.53.18_31988876-768x1024.jpg\" alt=\"\" class=\"wp-image-57170\" srcset=\"https:\/\/www.carpinteria-aluminio.cat\/wp-content\/uploads\/2024\/09\/Imagen-de-WhatsApp-2024-09-06-a-las-08.53.18_31988876-768x1024.jpg 768w, https:\/\/www.carpinteria-aluminio.cat\/wp-content\/uploads\/2024\/09\/Imagen-de-WhatsApp-2024-09-06-a-las-08.53.18_31988876-225x300.jpg 225w, https:\/\/www.carpinteria-aluminio.cat\/wp-content\/uploads\/2024\/09\/Imagen-de-WhatsApp-2024-09-06-a-las-08.53.18_31988876-1152x1536.jpg 1152w, https:\/\/www.carpinteria-aluminio.cat\/wp-content\/uploads\/2024\/09\/Imagen-de-WhatsApp-2024-09-06-a-las-08.53.18_31988876-56x75.jpg 56w, https:\/\/www.carpinteria-aluminio.cat\/wp-content\/uploads\/2024\/09\/Imagen-de-WhatsApp-2024-09-06-a-las-08.53.18_31988876-480x640.jpg 480w, https:\/\/www.carpinteria-aluminio.cat\/wp-content\/uploads\/2024\/09\/Imagen-de-WhatsApp-2024-09-06-a-las-08.53.18_31988876.jpg 1536w\" sizes=\"auto, (max-width:767px) 480px, (max-width:768px) 100vw, 768px\" \/><\/a><\/figure>\n<\/figure>\n","protected":false},"excerpt":{"rendered":"<p>Structure de la croix droite de la s\u00e9rie SILVER 70 en laque blanche compos\u00e9e de.. : Fen\u00eatre coulissante \u00e0 trois vantaux en verre neuf climalit\u00ae 4-10-carglass,<span class=\"excerpt-hellip\"> [\u2026]<\/span><\/p>\n","protected":false},"author":2,"featured_media":57175,"comment_status":"closed","ping_status":"closed","sticky":false,"template":"","format":"standard","meta":{"_joinchat":[],"footnotes":""},"categories":[1222,1263],"tags":[1266,1284,1287,1283,1282,1288,1286,1267,1285,1268],"class_list":["post-57214","post","type-post","status-publish","format-standard","has-post-thumbnail","hentry","category-non-classifiee","category-travaux-realises","tag-aluminium-fr","tag-aluminium-fr-2","tag-balcon-fr","tag-barcelone","tag-boitier-en-aluminium-barcelone","tag-fenetre-en-aluminium","tag-finitions-des-profiles-en-aluminium","tag-laque","tag-les-fenetres","tag-verre"],"aioseo_notices":[],"_links":{"self":[{"href":"https:\/\/www.carpinteria-aluminio.cat\/fr\/wp-json\/wp\/v2\/posts\/57214","targetHints":{"allow":["GET"]}}],"collection":[{"href":"https:\/\/www.carpinteria-aluminio.cat\/fr\/wp-json\/wp\/v2\/posts"}],"about":[{"href":"https:\/\/www.carpinteria-aluminio.cat\/fr\/wp-json\/wp\/v2\/types\/post"}],"author":[{"embeddable":true,"href":"https:\/\/www.carpinteria-aluminio.cat\/fr\/wp-json\/wp\/v2\/users\/2"}],"replies":[{"embeddable":true,"href":"https:\/\/www.carpinteria-aluminio.cat\/fr\/wp-json\/wp\/v2\/comments?post=57214"}],"version-history":[{"count":4,"href":"https:\/\/www.carpinteria-aluminio.cat\/fr\/wp-json\/wp\/v2\/posts\/57214\/revisions"}],"predecessor-version":[{"id":57496,"href":"https:\/\/www.carpinteria-aluminio.cat\/fr\/wp-json\/wp\/v2\/posts\/57214\/revisions\/57496"}],"wp:featuredmedia":[{"embeddable":true,"href":"https:\/\/www.carpinteria-aluminio.cat\/fr\/wp-json\/wp\/v2\/media\/57175"}],"wp:attachment":[{"href":"https:\/\/www.carpinteria-aluminio.cat\/fr\/wp-json\/wp\/v2\/media?parent=57214"}],"wp:term":[{"taxonomy":"category","embeddable":true,"href":"https:\/\/www.carpinteria-aluminio.cat\/fr\/wp-json\/wp\/v2\/categories?post=57214"},{"taxonomy":"post_tag","embeddable":true,"href":"https:\/\/www.carpinteria-aluminio.cat\/fr\/wp-json\/wp\/v2\/tags?post=57214"}],"curies":[{"name":"wp","href":"https:\/\/api.w.org\/{rel}","templated":true}]}}