{"id":57747,"date":"2024-10-17T09:34:53","date_gmt":"2024-10-17T08:34:53","guid":{"rendered":"https:\/\/www.carpinteria-aluminio.cat\/?p=57747"},"modified":"2024-10-17T09:34:53","modified_gmt":"2024-10-17T08:34:53","slug":"armoire-avec-portes-battantes-en-tole-dacier-sandwich-fendue-laquee-ral-7022","status":"publish","type":"post","link":"https:\/\/www.carpinteria-aluminio.cat\/fr\/armoire-avec-portes-battantes-en-tole-dacier-sandwich-fendue-laquee-ral-7022\/","title":{"rendered":"Armoire avec portes battantes en t\u00f4le d&rsquo;acier sandwich fendue laqu\u00e9e RAL 7022"},"content":{"rendered":"\n<p>Structure sandwich en t\u00f4le avec fa\u00e7ade rainur\u00e9e de la s\u00e9rie 350 EUR. en laque standard RAL 7022 compos\u00e9e de : <\/p>\n\n<p>Portes \u00e0 un ou deux vantaux. Dimensions : 1760 x 2100. Fixation avec plaque sandwich pour l&rsquo;arri\u00e8re et le toit.  <\/p>\n\n<figure class=\"wp-block-gallery has-nested-images columns-default is-cropped wp-block-gallery-1 is-layout-flex wp-block-gallery-is-layout-flex\">\n<figure class=\"wp-block-image size-large\"><a href=\"https:\/\/www.carpinteria-aluminio.cat\/wp-content\/uploads\/2024\/10\/Imagen-de-WhatsApp-2024-10-02-a-las-16.42.46_216a3304-768x1024.jpg\"><img loading=\"lazy\" decoding=\"async\" width=\"768\" height=\"1024\" data-id=\"57723\" src=\"https:\/\/www.carpinteria-aluminio.cat\/wp-content\/uploads\/2024\/10\/Imagen-de-WhatsApp-2024-10-02-a-las-16.42.46_216a3304-768x1024.jpg\" alt=\"\" class=\"wp-image-57723\" srcset=\"https:\/\/www.carpinteria-aluminio.cat\/wp-content\/uploads\/2024\/10\/Imagen-de-WhatsApp-2024-10-02-a-las-16.42.46_216a3304-768x1024.jpg 768w, https:\/\/www.carpinteria-aluminio.cat\/wp-content\/uploads\/2024\/10\/Imagen-de-WhatsApp-2024-10-02-a-las-16.42.46_216a3304-225x300.jpg 225w, https:\/\/www.carpinteria-aluminio.cat\/wp-content\/uploads\/2024\/10\/Imagen-de-WhatsApp-2024-10-02-a-las-16.42.46_216a3304-1152x1536.jpg 1152w, https:\/\/www.carpinteria-aluminio.cat\/wp-content\/uploads\/2024\/10\/Imagen-de-WhatsApp-2024-10-02-a-las-16.42.46_216a3304-56x75.jpg 56w, https:\/\/www.carpinteria-aluminio.cat\/wp-content\/uploads\/2024\/10\/Imagen-de-WhatsApp-2024-10-02-a-las-16.42.46_216a3304-480x640.jpg 480w, https:\/\/www.carpinteria-aluminio.cat\/wp-content\/uploads\/2024\/10\/Imagen-de-WhatsApp-2024-10-02-a-las-16.42.46_216a3304.jpg 1536w\" sizes=\"auto, (max-width:767px) 480px, (max-width:768px) 100vw, 768px\" \/><\/a><\/figure>\n\n\n\n<figure class=\"wp-block-image size-large\"><a href=\"https:\/\/www.carpinteria-aluminio.cat\/wp-content\/uploads\/2024\/10\/Imagen-de-WhatsApp-2024-10-02-a-las-16.42.47_4931ce17-768x1024.jpg\"><img loading=\"lazy\" decoding=\"async\" width=\"768\" height=\"1024\" data-id=\"57728\" src=\"https:\/\/www.carpinteria-aluminio.cat\/wp-content\/uploads\/2024\/10\/Imagen-de-WhatsApp-2024-10-02-a-las-16.42.47_4931ce17-768x1024.jpg\" alt=\"\" class=\"wp-image-57728\" srcset=\"https:\/\/www.carpinteria-aluminio.cat\/wp-content\/uploads\/2024\/10\/Imagen-de-WhatsApp-2024-10-02-a-las-16.42.47_4931ce17-768x1024.jpg 768w, https:\/\/www.carpinteria-aluminio.cat\/wp-content\/uploads\/2024\/10\/Imagen-de-WhatsApp-2024-10-02-a-las-16.42.47_4931ce17-225x300.jpg 225w, https:\/\/www.carpinteria-aluminio.cat\/wp-content\/uploads\/2024\/10\/Imagen-de-WhatsApp-2024-10-02-a-las-16.42.47_4931ce17-1152x1536.jpg 1152w, https:\/\/www.carpinteria-aluminio.cat\/wp-content\/uploads\/2024\/10\/Imagen-de-WhatsApp-2024-10-02-a-las-16.42.47_4931ce17-56x75.jpg 56w, https:\/\/www.carpinteria-aluminio.cat\/wp-content\/uploads\/2024\/10\/Imagen-de-WhatsApp-2024-10-02-a-las-16.42.47_4931ce17-480x640.jpg 480w, https:\/\/www.carpinteria-aluminio.cat\/wp-content\/uploads\/2024\/10\/Imagen-de-WhatsApp-2024-10-02-a-las-16.42.47_4931ce17.jpg 1536w\" sizes=\"auto, (max-width:767px) 480px, (max-width:768px) 100vw, 768px\" \/><\/a><\/figure>\n\n\n\n<figure class=\"wp-block-image size-large\"><a href=\"https:\/\/www.carpinteria-aluminio.cat\/wp-content\/uploads\/2024\/10\/Imagen-de-WhatsApp-2024-10-02-a-las-16.42.48_507eb156-768x1024.jpg\"><img loading=\"lazy\" decoding=\"async\" width=\"768\" height=\"1024\" data-id=\"57726\" src=\"https:\/\/www.carpinteria-aluminio.cat\/wp-content\/uploads\/2024\/10\/Imagen-de-WhatsApp-2024-10-02-a-las-16.42.48_507eb156-768x1024.jpg\" alt=\"\" class=\"wp-image-57726\" srcset=\"https:\/\/www.carpinteria-aluminio.cat\/wp-content\/uploads\/2024\/10\/Imagen-de-WhatsApp-2024-10-02-a-las-16.42.48_507eb156-768x1024.jpg 768w, https:\/\/www.carpinteria-aluminio.cat\/wp-content\/uploads\/2024\/10\/Imagen-de-WhatsApp-2024-10-02-a-las-16.42.48_507eb156-225x300.jpg 225w, https:\/\/www.carpinteria-aluminio.cat\/wp-content\/uploads\/2024\/10\/Imagen-de-WhatsApp-2024-10-02-a-las-16.42.48_507eb156-1152x1536.jpg 1152w, https:\/\/www.carpinteria-aluminio.cat\/wp-content\/uploads\/2024\/10\/Imagen-de-WhatsApp-2024-10-02-a-las-16.42.48_507eb156-56x75.jpg 56w, https:\/\/www.carpinteria-aluminio.cat\/wp-content\/uploads\/2024\/10\/Imagen-de-WhatsApp-2024-10-02-a-las-16.42.48_507eb156-480x640.jpg 480w, https:\/\/www.carpinteria-aluminio.cat\/wp-content\/uploads\/2024\/10\/Imagen-de-WhatsApp-2024-10-02-a-las-16.42.48_507eb156.jpg 1536w\" sizes=\"auto, (max-width:767px) 480px, (max-width:768px) 100vw, 768px\" \/><\/a><\/figure>\n<\/figure>\n","protected":false},"excerpt":{"rendered":"<p>Structure sandwich en t\u00f4le avec fa\u00e7ade rainur\u00e9e de la s\u00e9rie 350 EUR. en laque standard RAL 7022 compos\u00e9e de : Portes \u00e0 un ou deux vantaux.<span class=\"excerpt-hellip\"> [\u2026]<\/span><\/p>\n","protected":false},"author":2,"featured_media":57727,"comment_status":"closed","ping_status":"closed","sticky":false,"template":"","format":"standard","meta":{"_joinchat":[],"footnotes":""},"categories":[1263],"tags":[1266,1284,1287,1283,1282,1288,1286,1267,1285,1268],"class_list":["post-57747","post","type-post","status-publish","format-standard","has-post-thumbnail","hentry","category-travaux-realises","tag-aluminium-fr","tag-aluminium-fr-2","tag-balcon-fr","tag-barcelone","tag-boitier-en-aluminium-barcelone","tag-fenetre-en-aluminium","tag-finitions-des-profiles-en-aluminium","tag-laque","tag-les-fenetres","tag-verre"],"aioseo_notices":[],"_links":{"self":[{"href":"https:\/\/www.carpinteria-aluminio.cat\/fr\/wp-json\/wp\/v2\/posts\/57747","targetHints":{"allow":["GET"]}}],"collection":[{"href":"https:\/\/www.carpinteria-aluminio.cat\/fr\/wp-json\/wp\/v2\/posts"}],"about":[{"href":"https:\/\/www.carpinteria-aluminio.cat\/fr\/wp-json\/wp\/v2\/types\/post"}],"author":[{"embeddable":true,"href":"https:\/\/www.carpinteria-aluminio.cat\/fr\/wp-json\/wp\/v2\/users\/2"}],"replies":[{"embeddable":true,"href":"https:\/\/www.carpinteria-aluminio.cat\/fr\/wp-json\/wp\/v2\/comments?post=57747"}],"version-history":[{"count":2,"href":"https:\/\/www.carpinteria-aluminio.cat\/fr\/wp-json\/wp\/v2\/posts\/57747\/revisions"}],"predecessor-version":[{"id":57930,"href":"https:\/\/www.carpinteria-aluminio.cat\/fr\/wp-json\/wp\/v2\/posts\/57747\/revisions\/57930"}],"wp:featuredmedia":[{"embeddable":true,"href":"https:\/\/www.carpinteria-aluminio.cat\/fr\/wp-json\/wp\/v2\/media\/57727"}],"wp:attachment":[{"href":"https:\/\/www.carpinteria-aluminio.cat\/fr\/wp-json\/wp\/v2\/media?parent=57747"}],"wp:term":[{"taxonomy":"category","embeddable":true,"href":"https:\/\/www.carpinteria-aluminio.cat\/fr\/wp-json\/wp\/v2\/categories?post=57747"},{"taxonomy":"post_tag","embeddable":true,"href":"https:\/\/www.carpinteria-aluminio.cat\/fr\/wp-json\/wp\/v2\/tags?post=57747"}],"curies":[{"name":"wp","href":"https:\/\/api.w.org\/{rel}","templated":true}]}}