{"id":60476,"date":"2024-12-27T13:42:50","date_gmt":"2024-12-27T12:42:50","guid":{"rendered":"https:\/\/www.carpinteria-aluminio.cat\/?p=60476"},"modified":"2024-12-27T13:42:51","modified_gmt":"2024-12-27T12:42:51","slug":"cabine-de-douche-dangle-profiltek-avec-verre-feuillete-transparent","status":"publish","type":"post","link":"https:\/\/www.carpinteria-aluminio.cat\/fr\/cabine-de-douche-dangle-profiltek-avec-verre-feuillete-transparent\/","title":{"rendered":"Cabine de douche d&rsquo;angle Profiltek avec verre feuillet\u00e9 transparent"},"content":{"rendered":"\n<p>Cabine de douche angulaire compos\u00e9e d&rsquo;une cabine de douche fixe et d&rsquo;une cabine de douche mobile de la marque Profiltek, avec des compl\u00e9ments en verre feuillet\u00e9 transparent et en acier inoxydable.<\/p>\n\n<figure class=\"wp-block-gallery has-nested-images columns-default is-cropped wp-block-gallery-1 is-layout-flex wp-block-gallery-is-layout-flex\">\n<figure class=\"wp-block-image size-large\"><a href=\"https:\/\/www.carpinteria-aluminio.cat\/wp-content\/uploads\/2024\/12\/Imagen-de-WhatsApp-2024-12-19-a-las-17.06.24_199ee3ce-1-768x1024.jpg\"><img loading=\"lazy\" decoding=\"async\" width=\"768\" height=\"1024\" data-id=\"60470\" src=\"https:\/\/www.carpinteria-aluminio.cat\/wp-content\/uploads\/2024\/12\/Imagen-de-WhatsApp-2024-12-19-a-las-17.06.24_199ee3ce-1-768x1024.jpg\" alt=\"\" class=\"wp-image-60470\" srcset=\"https:\/\/www.carpinteria-aluminio.cat\/wp-content\/uploads\/2024\/12\/Imagen-de-WhatsApp-2024-12-19-a-las-17.06.24_199ee3ce-1-768x1025.jpg 768w, https:\/\/www.carpinteria-aluminio.cat\/wp-content\/uploads\/2024\/12\/Imagen-de-WhatsApp-2024-12-19-a-las-17.06.24_199ee3ce-1-225x300.jpg 225w, https:\/\/www.carpinteria-aluminio.cat\/wp-content\/uploads\/2024\/12\/Imagen-de-WhatsApp-2024-12-19-a-las-17.06.24_199ee3ce-1-1151x1536.jpg 1151w, https:\/\/www.carpinteria-aluminio.cat\/wp-content\/uploads\/2024\/12\/Imagen-de-WhatsApp-2024-12-19-a-las-17.06.24_199ee3ce-1-56x75.jpg 56w, https:\/\/www.carpinteria-aluminio.cat\/wp-content\/uploads\/2024\/12\/Imagen-de-WhatsApp-2024-12-19-a-las-17.06.24_199ee3ce-1-480x640.jpg 480w, https:\/\/www.carpinteria-aluminio.cat\/wp-content\/uploads\/2024\/12\/Imagen-de-WhatsApp-2024-12-19-a-las-17.06.24_199ee3ce-1.jpg 1452w\" sizes=\"auto, (max-width:767px) 480px, (max-width:768px) 100vw, 768px\" \/><\/a><\/figure>\n<\/figure>\n","protected":false},"excerpt":{"rendered":"<p>Cabine de douche angulaire compos\u00e9e d&rsquo;une cabine de douche fixe et d&rsquo;une cabine de douche mobile de la marque Profiltek, avec des compl\u00e9ments en verre feuillet\u00e9<span class=\"excerpt-hellip\"> [\u2026]<\/span><\/p>\n","protected":false},"author":2,"featured_media":60466,"comment_status":"closed","ping_status":"closed","sticky":false,"template":"","format":"standard","meta":{"_joinchat":[],"footnotes":""},"categories":[1263],"tags":[1266,1284,1287,1283,1282,1288,1286,1267,1285,1268],"class_list":["post-60476","post","type-post","status-publish","format-standard","has-post-thumbnail","hentry","category-travaux-realises","tag-aluminium-fr","tag-aluminium-fr-2","tag-balcon-fr","tag-barcelone","tag-boitier-en-aluminium-barcelone","tag-fenetre-en-aluminium","tag-finitions-des-profiles-en-aluminium","tag-laque","tag-les-fenetres","tag-verre"],"aioseo_notices":[],"_links":{"self":[{"href":"https:\/\/www.carpinteria-aluminio.cat\/fr\/wp-json\/wp\/v2\/posts\/60476","targetHints":{"allow":["GET"]}}],"collection":[{"href":"https:\/\/www.carpinteria-aluminio.cat\/fr\/wp-json\/wp\/v2\/posts"}],"about":[{"href":"https:\/\/www.carpinteria-aluminio.cat\/fr\/wp-json\/wp\/v2\/types\/post"}],"author":[{"embeddable":true,"href":"https:\/\/www.carpinteria-aluminio.cat\/fr\/wp-json\/wp\/v2\/users\/2"}],"replies":[{"embeddable":true,"href":"https:\/\/www.carpinteria-aluminio.cat\/fr\/wp-json\/wp\/v2\/comments?post=60476"}],"version-history":[{"count":2,"href":"https:\/\/www.carpinteria-aluminio.cat\/fr\/wp-json\/wp\/v2\/posts\/60476\/revisions"}],"predecessor-version":[{"id":60634,"href":"https:\/\/www.carpinteria-aluminio.cat\/fr\/wp-json\/wp\/v2\/posts\/60476\/revisions\/60634"}],"wp:featuredmedia":[{"embeddable":true,"href":"https:\/\/www.carpinteria-aluminio.cat\/fr\/wp-json\/wp\/v2\/media\/60466"}],"wp:attachment":[{"href":"https:\/\/www.carpinteria-aluminio.cat\/fr\/wp-json\/wp\/v2\/media?parent=60476"}],"wp:term":[{"taxonomy":"category","embeddable":true,"href":"https:\/\/www.carpinteria-aluminio.cat\/fr\/wp-json\/wp\/v2\/categories?post=60476"},{"taxonomy":"post_tag","embeddable":true,"href":"https:\/\/www.carpinteria-aluminio.cat\/fr\/wp-json\/wp\/v2\/tags?post=60476"}],"curies":[{"name":"wp","href":"https:\/\/api.w.org\/{rel}","templated":true}]}}