{"id":61140,"date":"2025-01-12T19:07:18","date_gmt":"2025-01-12T18:07:18","guid":{"rendered":"https:\/\/www.carpinteria-aluminio.cat\/?p=61140"},"modified":"2025-01-12T19:07:19","modified_gmt":"2025-01-12T18:07:19","slug":"fenetre-de-balcon-a-simple-vitrage-avec-climalit-4-16-4-carglass-nouveau-verre","status":"publish","type":"post","link":"https:\/\/www.carpinteria-aluminio.cat\/fr\/fenetre-de-balcon-a-simple-vitrage-avec-climalit-4-16-4-carglass-nouveau-verre\/","title":{"rendered":"Fen\u00eatre de balcon \u00e0 simple vitrage avec Climalit 4-16-4 carglass nouveau verre"},"content":{"rendered":"\n<p>Fen\u00eatre de balcon ouvrante \u00e0 simple vitrage avec Climalit 4-16-4 carglass nouveau verre de la s\u00e9rie 350 EUR en laqu\u00e9 blanc, avec grille d&rsquo;a\u00e9ration. Dimensions 810 x 1880 mm.   <\/p>\n\n<figure class=\"wp-block-gallery has-nested-images columns-default is-cropped wp-block-gallery-1 is-layout-flex wp-block-gallery-is-layout-flex\">\n<figure class=\"wp-block-image size-large\"><a href=\"https:\/\/www.carpinteria-aluminio.cat\/wp-content\/uploads\/2025\/01\/Imagen-de-WhatsApp-2025-01-08-a-las-17.33.01_9addbd79-768x1024.jpg\"><img loading=\"lazy\" decoding=\"async\" width=\"768\" height=\"1024\" data-id=\"61125\" src=\"https:\/\/www.carpinteria-aluminio.cat\/wp-content\/uploads\/2025\/01\/Imagen-de-WhatsApp-2025-01-08-a-las-17.33.01_9addbd79-768x1024.jpg\" alt=\"\" class=\"wp-image-61125\" srcset=\"https:\/\/www.carpinteria-aluminio.cat\/wp-content\/uploads\/2025\/01\/Imagen-de-WhatsApp-2025-01-08-a-las-17.33.01_9addbd79-768x1024.jpg 768w, https:\/\/www.carpinteria-aluminio.cat\/wp-content\/uploads\/2025\/01\/Imagen-de-WhatsApp-2025-01-08-a-las-17.33.01_9addbd79-225x300.jpg 225w, https:\/\/www.carpinteria-aluminio.cat\/wp-content\/uploads\/2025\/01\/Imagen-de-WhatsApp-2025-01-08-a-las-17.33.01_9addbd79-1152x1536.jpg 1152w, https:\/\/www.carpinteria-aluminio.cat\/wp-content\/uploads\/2025\/01\/Imagen-de-WhatsApp-2025-01-08-a-las-17.33.01_9addbd79-56x75.jpg 56w, https:\/\/www.carpinteria-aluminio.cat\/wp-content\/uploads\/2025\/01\/Imagen-de-WhatsApp-2025-01-08-a-las-17.33.01_9addbd79-480x640.jpg 480w, https:\/\/www.carpinteria-aluminio.cat\/wp-content\/uploads\/2025\/01\/Imagen-de-WhatsApp-2025-01-08-a-las-17.33.01_9addbd79.jpg 1200w\" sizes=\"auto, (max-width:767px) 480px, (max-width:768px) 100vw, 768px\" \/><\/a><\/figure>\n\n\n\n<figure class=\"wp-block-image size-large\"><a href=\"https:\/\/www.carpinteria-aluminio.cat\/wp-content\/uploads\/2025\/01\/Imagen-de-WhatsApp-2025-01-08-a-las-17.33.01_dfd9e978.jpg\"><img loading=\"lazy\" decoding=\"async\" width=\"768\" height=\"1024\" data-id=\"61124\" src=\"https:\/\/www.carpinteria-aluminio.cat\/wp-content\/uploads\/2025\/01\/Imagen-de-WhatsApp-2025-01-08-a-las-17.33.01_dfd9e978-768x1024.jpg\" alt=\"\" class=\"wp-image-61124\" srcset=\"https:\/\/www.carpinteria-aluminio.cat\/wp-content\/uploads\/2025\/01\/Imagen-de-WhatsApp-2025-01-08-a-las-17.33.01_dfd9e978-768x1024.jpg 768w, https:\/\/www.carpinteria-aluminio.cat\/wp-content\/uploads\/2025\/01\/Imagen-de-WhatsApp-2025-01-08-a-las-17.33.01_dfd9e978-225x300.jpg 225w, https:\/\/www.carpinteria-aluminio.cat\/wp-content\/uploads\/2025\/01\/Imagen-de-WhatsApp-2025-01-08-a-las-17.33.01_dfd9e978-1152x1536.jpg 1152w, https:\/\/www.carpinteria-aluminio.cat\/wp-content\/uploads\/2025\/01\/Imagen-de-WhatsApp-2025-01-08-a-las-17.33.01_dfd9e978-56x75.jpg 56w, https:\/\/www.carpinteria-aluminio.cat\/wp-content\/uploads\/2025\/01\/Imagen-de-WhatsApp-2025-01-08-a-las-17.33.01_dfd9e978-480x640.jpg 480w, https:\/\/www.carpinteria-aluminio.cat\/wp-content\/uploads\/2025\/01\/Imagen-de-WhatsApp-2025-01-08-a-las-17.33.01_dfd9e978.jpg 1200w\" sizes=\"auto, (max-width:767px) 480px, (max-width:768px) 100vw, 768px\" \/><\/a><\/figure>\n<\/figure>\n","protected":false},"excerpt":{"rendered":"<p>Fen\u00eatre de balcon ouvrante \u00e0 simple vitrage avec Climalit 4-16-4 carglass nouveau verre de la s\u00e9rie 350 EUR en laqu\u00e9 blanc, avec grille d&rsquo;a\u00e9ration. Dimensions 810<span class=\"excerpt-hellip\"> [\u2026]<\/span><\/p>\n","protected":false},"author":2,"featured_media":61133,"comment_status":"closed","ping_status":"closed","sticky":false,"template":"","format":"standard","meta":{"_joinchat":[],"footnotes":""},"categories":[1263],"tags":[1266,1284,1287,1283,1282,1288,1286,1267,1285,1268],"class_list":["post-61140","post","type-post","status-publish","format-standard","has-post-thumbnail","hentry","category-travaux-realises","tag-aluminium-fr","tag-aluminium-fr-2","tag-balcon-fr","tag-barcelone","tag-boitier-en-aluminium-barcelone","tag-fenetre-en-aluminium","tag-finitions-des-profiles-en-aluminium","tag-laque","tag-les-fenetres","tag-verre"],"aioseo_notices":[],"_links":{"self":[{"href":"https:\/\/www.carpinteria-aluminio.cat\/fr\/wp-json\/wp\/v2\/posts\/61140","targetHints":{"allow":["GET"]}}],"collection":[{"href":"https:\/\/www.carpinteria-aluminio.cat\/fr\/wp-json\/wp\/v2\/posts"}],"about":[{"href":"https:\/\/www.carpinteria-aluminio.cat\/fr\/wp-json\/wp\/v2\/types\/post"}],"author":[{"embeddable":true,"href":"https:\/\/www.carpinteria-aluminio.cat\/fr\/wp-json\/wp\/v2\/users\/2"}],"replies":[{"embeddable":true,"href":"https:\/\/www.carpinteria-aluminio.cat\/fr\/wp-json\/wp\/v2\/comments?post=61140"}],"version-history":[{"count":2,"href":"https:\/\/www.carpinteria-aluminio.cat\/fr\/wp-json\/wp\/v2\/posts\/61140\/revisions"}],"predecessor-version":[{"id":61276,"href":"https:\/\/www.carpinteria-aluminio.cat\/fr\/wp-json\/wp\/v2\/posts\/61140\/revisions\/61276"}],"wp:featuredmedia":[{"embeddable":true,"href":"https:\/\/www.carpinteria-aluminio.cat\/fr\/wp-json\/wp\/v2\/media\/61133"}],"wp:attachment":[{"href":"https:\/\/www.carpinteria-aluminio.cat\/fr\/wp-json\/wp\/v2\/media?parent=61140"}],"wp:term":[{"taxonomy":"category","embeddable":true,"href":"https:\/\/www.carpinteria-aluminio.cat\/fr\/wp-json\/wp\/v2\/categories?post=61140"},{"taxonomy":"post_tag","embeddable":true,"href":"https:\/\/www.carpinteria-aluminio.cat\/fr\/wp-json\/wp\/v2\/tags?post=61140"}],"curies":[{"name":"wp","href":"https:\/\/api.w.org\/{rel}","templated":true}]}}