{"id":62223,"date":"2025-02-07T10:35:08","date_gmt":"2025-02-07T09:35:08","guid":{"rendered":"https:\/\/www.carpinteria-aluminio.cat\/?p=62223"},"modified":"2025-02-07T10:35:10","modified_gmt":"2025-02-07T09:35:10","slug":"nova-division-interieure","status":"publish","type":"post","link":"https:\/\/www.carpinteria-aluminio.cat\/fr\/nova-division-interieure\/","title":{"rendered":"NOVA &#8211; Division int\u00e9rieure"},"content":{"rendered":"\n<p>Le nouveau syst\u00e8me de cloisons int\u00e9rieures d&rsquo;ALUGOM red\u00e9finit le concept des espaces modernes, combinant un design minimaliste et une sensation d&rsquo;espace qui transforme chaque pi\u00e8ce. Ce syst\u00e8me innovant en aluminium est con\u00e7u avec des lignes pures et \u00e9l\u00e9gantes, id\u00e9ales pour cr\u00e9er des environnements fonctionnels et visuellement \u00e9tonnants. <\/p>\n\n<p>Avec un profil avant de 26,5 mm au niveau des cadres et de 35 mm au niveau des rails, ces cloisons int\u00e9rieures ne se contentent pas de s\u00e9parer les espaces, elles favorisent \u00e9galement la lumi\u00e8re naturelle, cr\u00e9ant ainsi une atmosph\u00e8re l\u00e9g\u00e8re et a\u00e9r\u00e9e.<\/p>\n\n<p>La flexibilit\u00e9 des types d&rsquo;ouverture (battante, coulissante ou pivotante) permet d&rsquo;adapter ce syst\u00e8me aux besoins sp\u00e9cifiques de chaque projet. Ainsi, chaque installation <strong>NOVA<\/strong> devient un \u00e9l\u00e9ment distinctif qui apporte \u00e0 la fois praticit\u00e9 et style, conf\u00e9rant \u00e0 chaque espace une personnalit\u00e9 unique. <\/p>\n\n<p>Nous travaillons main dans la main avec notre fabricant d&rsquo;aluminium ALUGOM pour vous offrir ce produit de haute qualit\u00e9, et nous nous occupons de sa fabrication et de son installation avec la pr\u00e9cision et le soin que votre projet m\u00e9rite.<\/p>\n\n<figure class=\"wp-block-gallery has-nested-images columns-default is-cropped wp-block-gallery-1 is-layout-flex wp-block-gallery-is-layout-flex\">\n<figure class=\"wp-block-image size-large\"><a href=\"https:\/\/www.carpinteria-aluminio.cat\/wp-content\/uploads\/2025\/02\/Nova_Fijo-1-1024x819.jpg\"><img loading=\"lazy\" decoding=\"async\" width=\"1024\" height=\"819\" data-id=\"62213\" src=\"https:\/\/www.carpinteria-aluminio.cat\/wp-content\/uploads\/2025\/02\/Nova_Fijo-1-1024x819.jpg\" alt=\"\" class=\"wp-image-62213\" srcset=\"https:\/\/www.carpinteria-aluminio.cat\/wp-content\/uploads\/2025\/02\/Nova_Fijo-1-1024x819.jpg 1024w, https:\/\/www.carpinteria-aluminio.cat\/wp-content\/uploads\/2025\/02\/Nova_Fijo-1-300x240.jpg 300w, https:\/\/www.carpinteria-aluminio.cat\/wp-content\/uploads\/2025\/02\/Nova_Fijo-1-768x614.jpg 768w, https:\/\/www.carpinteria-aluminio.cat\/wp-content\/uploads\/2025\/02\/Nova_Fijo-1-94x75.jpg 94w, https:\/\/www.carpinteria-aluminio.cat\/wp-content\/uploads\/2025\/02\/Nova_Fijo-1-480x384.jpg 480w, https:\/\/www.carpinteria-aluminio.cat\/wp-content\/uploads\/2025\/02\/Nova_Fijo-1.jpg 1125w\" sizes=\"auto, (max-width:767px) 480px, (max-width:1024px) 100vw, 1024px\" \/><\/a><\/figure>\n<\/figure>\n","protected":false},"excerpt":{"rendered":"<p>Le nouveau syst\u00e8me de cloisons int\u00e9rieures d&rsquo;ALUGOM red\u00e9finit le concept des espaces modernes, combinant un design minimaliste et une sensation d&rsquo;espace qui transforme chaque pi\u00e8ce. Ce<span class=\"excerpt-hellip\"> [\u2026]<\/span><\/p>\n","protected":false},"author":2,"featured_media":62216,"comment_status":"closed","ping_status":"closed","sticky":false,"template":"","format":"standard","meta":{"_joinchat":[],"footnotes":""},"categories":[1308],"tags":[1266,1284,1287,1283,1282,1288,1286,1267,1285,1268],"class_list":["post-62223","post","type-post","status-publish","format-standard","has-post-thumbnail","hentry","category-informations","tag-aluminium-fr","tag-aluminium-fr-2","tag-balcon-fr","tag-barcelone","tag-boitier-en-aluminium-barcelone","tag-fenetre-en-aluminium","tag-finitions-des-profiles-en-aluminium","tag-laque","tag-les-fenetres","tag-verre"],"aioseo_notices":[],"_links":{"self":[{"href":"https:\/\/www.carpinteria-aluminio.cat\/fr\/wp-json\/wp\/v2\/posts\/62223","targetHints":{"allow":["GET"]}}],"collection":[{"href":"https:\/\/www.carpinteria-aluminio.cat\/fr\/wp-json\/wp\/v2\/posts"}],"about":[{"href":"https:\/\/www.carpinteria-aluminio.cat\/fr\/wp-json\/wp\/v2\/types\/post"}],"author":[{"embeddable":true,"href":"https:\/\/www.carpinteria-aluminio.cat\/fr\/wp-json\/wp\/v2\/users\/2"}],"replies":[{"embeddable":true,"href":"https:\/\/www.carpinteria-aluminio.cat\/fr\/wp-json\/wp\/v2\/comments?post=62223"}],"version-history":[{"count":2,"href":"https:\/\/www.carpinteria-aluminio.cat\/fr\/wp-json\/wp\/v2\/posts\/62223\/revisions"}],"predecessor-version":[{"id":62268,"href":"https:\/\/www.carpinteria-aluminio.cat\/fr\/wp-json\/wp\/v2\/posts\/62223\/revisions\/62268"}],"wp:featuredmedia":[{"embeddable":true,"href":"https:\/\/www.carpinteria-aluminio.cat\/fr\/wp-json\/wp\/v2\/media\/62216"}],"wp:attachment":[{"href":"https:\/\/www.carpinteria-aluminio.cat\/fr\/wp-json\/wp\/v2\/media?parent=62223"}],"wp:term":[{"taxonomy":"category","embeddable":true,"href":"https:\/\/www.carpinteria-aluminio.cat\/fr\/wp-json\/wp\/v2\/categories?post=62223"},{"taxonomy":"post_tag","embeddable":true,"href":"https:\/\/www.carpinteria-aluminio.cat\/fr\/wp-json\/wp\/v2\/tags?post=62223"}],"curies":[{"name":"wp","href":"https:\/\/api.w.org\/{rel}","templated":true}]}}