{"id":63030,"date":"2025-02-25T22:34:49","date_gmt":"2025-02-25T21:34:49","guid":{"rendered":"https:\/\/www.carpinteria-aluminio.cat\/?p=63030"},"modified":"2025-02-25T22:34:50","modified_gmt":"2025-02-25T21:34:50","slug":"fenetre-coulissante-en-verre-feuillete-climalit-4-14-33-avec-traitement-acoustique-au-butyral-et-pare-soleil-de-la-serie-silver-76-rpt-minimalist","status":"publish","type":"post","link":"https:\/\/www.carpinteria-aluminio.cat\/fr\/fenetre-coulissante-en-verre-feuillete-climalit-4-14-33-avec-traitement-acoustique-au-butyral-et-pare-soleil-de-la-serie-silver-76-rpt-minimalist\/","title":{"rendered":"Fen\u00eatre coulissante en verre feuillet\u00e9 Climalit\u00ae 4\/14\/3+3 avec traitement acoustique au butyral et pare-soleil de la s\u00e9rie SILVER 76 RPT Minimalist"},"content":{"rendered":"\n<p>Fen\u00eatre coulissante \u00e0 deux vantaux en verre feuillet\u00e9 Climalit\u00ae 4\/14\/3+3 avec traitement acoustique au butyral et pare-soleil de la s\u00e9rie SILVER 76 RPT Minimalist, poign\u00e9e laqu\u00e9e blanche avec serrure de poign\u00e9e et registre de volet thermo-acoustique individuel, avec doublure de 45 mm.<br\/>Dimensions : 1185 x 1230 + 300 mm.<\/p>\n\n<figure class=\"wp-block-gallery has-nested-images columns-default is-cropped wp-block-gallery-1 is-layout-flex wp-block-gallery-is-layout-flex\">\n<figure class=\"wp-block-image size-large\"><a href=\"https:\/\/www.carpinteria-aluminio.cat\/wp-content\/uploads\/2025\/02\/Imagen-de-WhatsApp-2025-02-20-a-las-21.09.35_5cd58eef.jpg\"><img loading=\"lazy\" decoding=\"async\" width=\"768\" height=\"1024\" data-id=\"62993\" src=\"https:\/\/www.carpinteria-aluminio.cat\/wp-content\/uploads\/2025\/02\/Imagen-de-WhatsApp-2025-02-20-a-las-21.09.35_5cd58eef-768x1024.jpg\" alt=\"\" class=\"wp-image-62993\" srcset=\"https:\/\/www.carpinteria-aluminio.cat\/wp-content\/uploads\/2025\/02\/Imagen-de-WhatsApp-2025-02-20-a-las-21.09.35_5cd58eef-768x1024.jpg 768w, https:\/\/www.carpinteria-aluminio.cat\/wp-content\/uploads\/2025\/02\/Imagen-de-WhatsApp-2025-02-20-a-las-21.09.35_5cd58eef-225x300.jpg 225w, https:\/\/www.carpinteria-aluminio.cat\/wp-content\/uploads\/2025\/02\/Imagen-de-WhatsApp-2025-02-20-a-las-21.09.35_5cd58eef-1152x1536.jpg 1152w, https:\/\/www.carpinteria-aluminio.cat\/wp-content\/uploads\/2025\/02\/Imagen-de-WhatsApp-2025-02-20-a-las-21.09.35_5cd58eef-56x75.jpg 56w, https:\/\/www.carpinteria-aluminio.cat\/wp-content\/uploads\/2025\/02\/Imagen-de-WhatsApp-2025-02-20-a-las-21.09.35_5cd58eef-480x640.jpg 480w, https:\/\/www.carpinteria-aluminio.cat\/wp-content\/uploads\/2025\/02\/Imagen-de-WhatsApp-2025-02-20-a-las-21.09.35_5cd58eef.jpg 1200w\" sizes=\"auto, (max-width:767px) 480px, (max-width:768px) 100vw, 768px\" \/><\/a><\/figure>\n<\/figure>\n","protected":false},"excerpt":{"rendered":"<p>Fen\u00eatre coulissante \u00e0 deux vantaux en verre feuillet\u00e9 Climalit\u00ae 4\/14\/3+3 avec traitement acoustique au butyral et pare-soleil de la s\u00e9rie SILVER 76 RPT Minimalist, poign\u00e9e laqu\u00e9e<span class=\"excerpt-hellip\"> [\u2026]<\/span><\/p>\n","protected":false},"author":2,"featured_media":63037,"comment_status":"closed","ping_status":"closed","sticky":false,"template":"","format":"standard","meta":{"_joinchat":[],"footnotes":""},"categories":[1263],"tags":[1266,1284,1287,1283,1282,1288,1286,1267,1285,1268],"class_list":["post-63030","post","type-post","status-publish","format-standard","has-post-thumbnail","hentry","category-travaux-realises","tag-aluminium-fr","tag-aluminium-fr-2","tag-balcon-fr","tag-barcelone","tag-boitier-en-aluminium-barcelone","tag-fenetre-en-aluminium","tag-finitions-des-profiles-en-aluminium","tag-laque","tag-les-fenetres","tag-verre"],"aioseo_notices":[],"_links":{"self":[{"href":"https:\/\/www.carpinteria-aluminio.cat\/fr\/wp-json\/wp\/v2\/posts\/63030","targetHints":{"allow":["GET"]}}],"collection":[{"href":"https:\/\/www.carpinteria-aluminio.cat\/fr\/wp-json\/wp\/v2\/posts"}],"about":[{"href":"https:\/\/www.carpinteria-aluminio.cat\/fr\/wp-json\/wp\/v2\/types\/post"}],"author":[{"embeddable":true,"href":"https:\/\/www.carpinteria-aluminio.cat\/fr\/wp-json\/wp\/v2\/users\/2"}],"replies":[{"embeddable":true,"href":"https:\/\/www.carpinteria-aluminio.cat\/fr\/wp-json\/wp\/v2\/comments?post=63030"}],"version-history":[{"count":1,"href":"https:\/\/www.carpinteria-aluminio.cat\/fr\/wp-json\/wp\/v2\/posts\/63030\/revisions"}],"predecessor-version":[{"id":63031,"href":"https:\/\/www.carpinteria-aluminio.cat\/fr\/wp-json\/wp\/v2\/posts\/63030\/revisions\/63031"}],"wp:featuredmedia":[{"embeddable":true,"href":"https:\/\/www.carpinteria-aluminio.cat\/fr\/wp-json\/wp\/v2\/media\/63037"}],"wp:attachment":[{"href":"https:\/\/www.carpinteria-aluminio.cat\/fr\/wp-json\/wp\/v2\/media?parent=63030"}],"wp:term":[{"taxonomy":"category","embeddable":true,"href":"https:\/\/www.carpinteria-aluminio.cat\/fr\/wp-json\/wp\/v2\/categories?post=63030"},{"taxonomy":"post_tag","embeddable":true,"href":"https:\/\/www.carpinteria-aluminio.cat\/fr\/wp-json\/wp\/v2\/tags?post=63030"}],"curies":[{"name":"wp","href":"https:\/\/api.w.org\/{rel}","templated":true}]}}