{"id":65451,"date":"2025-04-23T20:12:30","date_gmt":"2025-04-23T19:12:30","guid":{"rendered":"https:\/\/www.carpinteria-aluminio.cat\/?p=65451"},"modified":"2025-04-23T20:12:31","modified_gmt":"2025-04-23T19:12:31","slug":"structure-composee-de-fenetres-a-battants-a-simple-et-double-vitrage-avec-un-nouveau-double-vitrage-en-carglas-4-16-4-et-un-panneau-inferieur-fixe","status":"publish","type":"post","link":"https:\/\/www.carpinteria-aluminio.cat\/fr\/structure-composee-de-fenetres-a-battants-a-simple-et-double-vitrage-avec-un-nouveau-double-vitrage-en-carglas-4-16-4-et-un-panneau-inferieur-fixe\/","title":{"rendered":"Structure compos\u00e9e de fen\u00eatres \u00e0 battants \u00e0 simple et double vitrage avec un nouveau double vitrage en carglas 4-16-4 et un panneau inf\u00e9rieur fixe."},"content":{"rendered":"\n<p>Structure de la s\u00e9rie 350 EUR. en laque blanche compos\u00e9e d&rsquo;un panneau fixe sup\u00e9rieur avec plaque sandwich, d&rsquo;une fen\u00eatre \u00e0 un ou deux battants<br\/>avec du verre neuf climalit\u00ae 4-16-4 carglas et d&rsquo;un panneau fixe inf\u00e9rieur avec du verre neuf climalit\u00ae<br\/>3+3-14-4 carglas. <\/p>\n\n<figure class=\"wp-block-gallery has-nested-images columns-default is-cropped wp-block-gallery-1 is-layout-flex wp-block-gallery-is-layout-flex\">\n<figure class=\"wp-block-image size-large\"><a href=\"https:\/\/www.carpinteria-aluminio.cat\/wp-content\/uploads\/2025\/04\/Imagen-de-WhatsApp-2025-03-21-a-las-16.16.18_17909579-768x1024.jpg\"><img loading=\"lazy\" decoding=\"async\" width=\"768\" height=\"1024\" data-id=\"65432\" src=\"https:\/\/www.carpinteria-aluminio.cat\/wp-content\/uploads\/2025\/04\/Imagen-de-WhatsApp-2025-03-21-a-las-16.16.18_17909579-768x1024.jpg\" alt=\"\" class=\"wp-image-65432\" srcset=\"https:\/\/www.carpinteria-aluminio.cat\/wp-content\/uploads\/2025\/04\/Imagen-de-WhatsApp-2025-03-21-a-las-16.16.18_17909579-768x1024.jpg 768w, https:\/\/www.carpinteria-aluminio.cat\/wp-content\/uploads\/2025\/04\/Imagen-de-WhatsApp-2025-03-21-a-las-16.16.18_17909579-225x300.jpg 225w, https:\/\/www.carpinteria-aluminio.cat\/wp-content\/uploads\/2025\/04\/Imagen-de-WhatsApp-2025-03-21-a-las-16.16.18_17909579-1152x1536.jpg 1152w, https:\/\/www.carpinteria-aluminio.cat\/wp-content\/uploads\/2025\/04\/Imagen-de-WhatsApp-2025-03-21-a-las-16.16.18_17909579-56x75.jpg 56w, https:\/\/www.carpinteria-aluminio.cat\/wp-content\/uploads\/2025\/04\/Imagen-de-WhatsApp-2025-03-21-a-las-16.16.18_17909579-480x640.jpg 480w, https:\/\/www.carpinteria-aluminio.cat\/wp-content\/uploads\/2025\/04\/Imagen-de-WhatsApp-2025-03-21-a-las-16.16.18_17909579.jpg 1200w\" sizes=\"auto, (max-width:767px) 480px, (max-width:768px) 100vw, 768px\" \/><\/a><\/figure>\n\n\n\n<figure class=\"wp-block-image size-large\"><a href=\"https:\/\/www.carpinteria-aluminio.cat\/wp-content\/uploads\/2025\/04\/Imagen-de-WhatsApp-2025-03-21-a-las-16.16.24_204eceb9-768x1024.jpg\"><img loading=\"lazy\" decoding=\"async\" width=\"768\" height=\"1024\" data-id=\"65434\" src=\"https:\/\/www.carpinteria-aluminio.cat\/wp-content\/uploads\/2025\/04\/Imagen-de-WhatsApp-2025-03-21-a-las-16.16.24_204eceb9-768x1024.jpg\" alt=\"\" class=\"wp-image-65434\" srcset=\"https:\/\/www.carpinteria-aluminio.cat\/wp-content\/uploads\/2025\/04\/Imagen-de-WhatsApp-2025-03-21-a-las-16.16.24_204eceb9-768x1024.jpg 768w, https:\/\/www.carpinteria-aluminio.cat\/wp-content\/uploads\/2025\/04\/Imagen-de-WhatsApp-2025-03-21-a-las-16.16.24_204eceb9-225x300.jpg 225w, https:\/\/www.carpinteria-aluminio.cat\/wp-content\/uploads\/2025\/04\/Imagen-de-WhatsApp-2025-03-21-a-las-16.16.24_204eceb9-1152x1536.jpg 1152w, https:\/\/www.carpinteria-aluminio.cat\/wp-content\/uploads\/2025\/04\/Imagen-de-WhatsApp-2025-03-21-a-las-16.16.24_204eceb9-56x75.jpg 56w, https:\/\/www.carpinteria-aluminio.cat\/wp-content\/uploads\/2025\/04\/Imagen-de-WhatsApp-2025-03-21-a-las-16.16.24_204eceb9-480x640.jpg 480w, https:\/\/www.carpinteria-aluminio.cat\/wp-content\/uploads\/2025\/04\/Imagen-de-WhatsApp-2025-03-21-a-las-16.16.24_204eceb9.jpg 1200w\" sizes=\"auto, (max-width:767px) 480px, (max-width:768px) 100vw, 768px\" \/><\/a><\/figure>\n<\/figure>\n","protected":false},"excerpt":{"rendered":"<p>Structure de la s\u00e9rie 350 EUR. en laque blanche compos\u00e9e d&rsquo;un panneau fixe sup\u00e9rieur avec plaque sandwich, d&rsquo;une fen\u00eatre \u00e0 un ou deux battantsavec du verre<span class=\"excerpt-hellip\"> [\u2026]<\/span><\/p>\n","protected":false},"author":2,"featured_media":65438,"comment_status":"closed","ping_status":"closed","sticky":false,"template":"","format":"standard","meta":{"_joinchat":[],"footnotes":""},"categories":[1263],"tags":[1266,1284,1287,1283,1282,1288,1286,1267,1285,1268],"class_list":["post-65451","post","type-post","status-publish","format-standard","has-post-thumbnail","hentry","category-travaux-realises","tag-aluminium-fr","tag-aluminium-fr-2","tag-balcon-fr","tag-barcelone","tag-boitier-en-aluminium-barcelone","tag-fenetre-en-aluminium","tag-finitions-des-profiles-en-aluminium","tag-laque","tag-les-fenetres","tag-verre"],"aioseo_notices":[],"_links":{"self":[{"href":"https:\/\/www.carpinteria-aluminio.cat\/fr\/wp-json\/wp\/v2\/posts\/65451","targetHints":{"allow":["GET"]}}],"collection":[{"href":"https:\/\/www.carpinteria-aluminio.cat\/fr\/wp-json\/wp\/v2\/posts"}],"about":[{"href":"https:\/\/www.carpinteria-aluminio.cat\/fr\/wp-json\/wp\/v2\/types\/post"}],"author":[{"embeddable":true,"href":"https:\/\/www.carpinteria-aluminio.cat\/fr\/wp-json\/wp\/v2\/users\/2"}],"replies":[{"embeddable":true,"href":"https:\/\/www.carpinteria-aluminio.cat\/fr\/wp-json\/wp\/v2\/comments?post=65451"}],"version-history":[{"count":2,"href":"https:\/\/www.carpinteria-aluminio.cat\/fr\/wp-json\/wp\/v2\/posts\/65451\/revisions"}],"predecessor-version":[{"id":65459,"href":"https:\/\/www.carpinteria-aluminio.cat\/fr\/wp-json\/wp\/v2\/posts\/65451\/revisions\/65459"}],"wp:featuredmedia":[{"embeddable":true,"href":"https:\/\/www.carpinteria-aluminio.cat\/fr\/wp-json\/wp\/v2\/media\/65438"}],"wp:attachment":[{"href":"https:\/\/www.carpinteria-aluminio.cat\/fr\/wp-json\/wp\/v2\/media?parent=65451"}],"wp:term":[{"taxonomy":"category","embeddable":true,"href":"https:\/\/www.carpinteria-aluminio.cat\/fr\/wp-json\/wp\/v2\/categories?post=65451"},{"taxonomy":"post_tag","embeddable":true,"href":"https:\/\/www.carpinteria-aluminio.cat\/fr\/wp-json\/wp\/v2\/tags?post=65451"}],"curies":[{"name":"wp","href":"https:\/\/api.w.org\/{rel}","templated":true}]}}