{"id":68135,"date":"2025-06-18T16:35:08","date_gmt":"2025-06-18T15:35:08","guid":{"rendered":"https:\/\/www.carpinteria-aluminio.cat\/?p=68135"},"modified":"2025-06-18T16:35:26","modified_gmt":"2025-06-18T15:35:26","slug":"lorigine-de-la-menuiserie-aluminium-la-fenetre-mixte-fer-aluminium","status":"publish","type":"post","link":"https:\/\/www.carpinteria-aluminio.cat\/fr\/lorigine-de-la-menuiserie-aluminium-la-fenetre-mixte-fer-aluminium\/","title":{"rendered":"L&rsquo;origine de la menuiserie aluminium : la fen\u00eatre mixte fer + aluminium"},"content":{"rendered":"\n<p>La menuiserie en aluminium, telle que nous la connaissons aujourd&rsquo;hui, trouve son origine dans des solutions constructives telles que celle que nous voyons sur cette image : une <strong>fen\u00eatre mixte en fer et en aluminium<\/strong>, courante dans les b\u00e2timents de Barcelone vers 1975.<\/p>\n\n<p>Ce syst\u00e8me se composait d&rsquo;une structure principale faite d&rsquo;un <strong>profil\u00e9 en fer<\/strong>, qui assurait la rigidit\u00e9 et la r\u00e9sistance structurelle, tandis que les <strong>parcloses \u00e9taient en aluminium<\/strong>, utilis\u00e9 pour mieux tenir le verre et offrir une meilleure r\u00e9sistance \u00e0 la corrosion. Ce d\u00e9tail marque un tournant technique : l&rsquo;aluminium commence \u00e0 \u00eatre introduit dans des zones strat\u00e9giques des fen\u00eatres en raison de sa <strong>l\u00e9g\u00e8ret\u00e9, de sa durabilit\u00e9 et de sa facilit\u00e9 d&rsquo;usinage<\/strong>. <\/p>\n\n<p>Il s&rsquo;agissait d&rsquo;une solution hybride qui optimisait les ressources disponibles \u00e0 l&rsquo;\u00e9poque, en combinant le meilleur des deux mat\u00e9riaux. D&rsquo;un point de vue technique, on peut dire que ce syst\u00e8me a constitu\u00e9 le premier pas vers la <strong>sp\u00e9cialisation du m\u00e9tier de charpentier en aluminium<\/strong>, en le diff\u00e9renciant progressivement de la charpenterie m\u00e9tallique traditionnelle. <\/p>\n\n<p>Aujourd&rsquo;hui, cette typologie est consid\u00e9r\u00e9e comme <strong>l&rsquo;origine fonctionnelle et technique de la menuiserie moderne en aluminium<\/strong>, qui a \u00e9volu\u00e9 vers les syst\u00e8mes actuels \u00e0 rupture de pont thermique, les profil\u00e9s extrud\u00e9s, les fermetures multipoints et les vitrages \u00e0 haute performance.<\/p>\n\n<figure class=\"wp-block-gallery has-nested-images columns-default is-cropped wp-block-gallery-1 is-layout-flex wp-block-gallery-is-layout-flex\">\n<figure class=\"wp-block-image size-large\"><a href=\"https:\/\/www.carpinteria-aluminio.cat\/wp-content\/uploads\/2025\/06\/Imagen-de-WhatsApp-2025-05-04-a-las-10.15.03_4665a446-537x1024.jpg\"><img loading=\"lazy\" decoding=\"async\" width=\"537\" height=\"1024\" data-id=\"68125\" src=\"https:\/\/www.carpinteria-aluminio.cat\/wp-content\/uploads\/2025\/06\/Imagen-de-WhatsApp-2025-05-04-a-las-10.15.03_4665a446-537x1024.jpg\" alt=\"\" class=\"wp-image-68125\" srcset=\"https:\/\/www.carpinteria-aluminio.cat\/wp-content\/uploads\/2025\/06\/Imagen-de-WhatsApp-2025-05-04-a-las-10.15.03_4665a446-537x1024.jpg 537w, https:\/\/www.carpinteria-aluminio.cat\/wp-content\/uploads\/2025\/06\/Imagen-de-WhatsApp-2025-05-04-a-las-10.15.03_4665a446-157x300.jpg 157w, https:\/\/www.carpinteria-aluminio.cat\/wp-content\/uploads\/2025\/06\/Imagen-de-WhatsApp-2025-05-04-a-las-10.15.03_4665a446-768x1466.jpg 768w, https:\/\/www.carpinteria-aluminio.cat\/wp-content\/uploads\/2025\/06\/Imagen-de-WhatsApp-2025-05-04-a-las-10.15.03_4665a446-805x1536.jpg 805w, https:\/\/www.carpinteria-aluminio.cat\/wp-content\/uploads\/2025\/06\/Imagen-de-WhatsApp-2025-05-04-a-las-10.15.03_4665a446-39x75.jpg 39w, https:\/\/www.carpinteria-aluminio.cat\/wp-content\/uploads\/2025\/06\/Imagen-de-WhatsApp-2025-05-04-a-las-10.15.03_4665a446-480x916.jpg 480w, https:\/\/www.carpinteria-aluminio.cat\/wp-content\/uploads\/2025\/06\/Imagen-de-WhatsApp-2025-05-04-a-las-10.15.03_4665a446.jpg 1048w\" sizes=\"auto, (max-width:767px) 480px, 537px\" \/><\/a><\/figure>\n<\/figure>\n","protected":false},"excerpt":{"rendered":"<p>La menuiserie en aluminium, telle que nous la connaissons aujourd&rsquo;hui, trouve son origine dans des solutions constructives telles que celle que nous voyons sur cette image<span class=\"excerpt-hellip\"> [\u2026]<\/span><\/p>\n","protected":false},"author":2,"featured_media":68128,"comment_status":"closed","ping_status":"closed","sticky":false,"template":"","format":"standard","meta":{"_joinchat":[],"footnotes":""},"categories":[1308],"tags":[1266,1284,1287,1283,1282,1288,1286,1267,1285,1268],"class_list":["post-68135","post","type-post","status-publish","format-standard","has-post-thumbnail","hentry","category-informations","tag-aluminium-fr","tag-aluminium-fr-2","tag-balcon-fr","tag-barcelone","tag-boitier-en-aluminium-barcelone","tag-fenetre-en-aluminium","tag-finitions-des-profiles-en-aluminium","tag-laque","tag-les-fenetres","tag-verre"],"aioseo_notices":[],"_links":{"self":[{"href":"https:\/\/www.carpinteria-aluminio.cat\/fr\/wp-json\/wp\/v2\/posts\/68135","targetHints":{"allow":["GET"]}}],"collection":[{"href":"https:\/\/www.carpinteria-aluminio.cat\/fr\/wp-json\/wp\/v2\/posts"}],"about":[{"href":"https:\/\/www.carpinteria-aluminio.cat\/fr\/wp-json\/wp\/v2\/types\/post"}],"author":[{"embeddable":true,"href":"https:\/\/www.carpinteria-aluminio.cat\/fr\/wp-json\/wp\/v2\/users\/2"}],"replies":[{"embeddable":true,"href":"https:\/\/www.carpinteria-aluminio.cat\/fr\/wp-json\/wp\/v2\/comments?post=68135"}],"version-history":[{"count":2,"href":"https:\/\/www.carpinteria-aluminio.cat\/fr\/wp-json\/wp\/v2\/posts\/68135\/revisions"}],"predecessor-version":[{"id":68141,"href":"https:\/\/www.carpinteria-aluminio.cat\/fr\/wp-json\/wp\/v2\/posts\/68135\/revisions\/68141"}],"wp:featuredmedia":[{"embeddable":true,"href":"https:\/\/www.carpinteria-aluminio.cat\/fr\/wp-json\/wp\/v2\/media\/68128"}],"wp:attachment":[{"href":"https:\/\/www.carpinteria-aluminio.cat\/fr\/wp-json\/wp\/v2\/media?parent=68135"}],"wp:term":[{"taxonomy":"category","embeddable":true,"href":"https:\/\/www.carpinteria-aluminio.cat\/fr\/wp-json\/wp\/v2\/categories?post=68135"},{"taxonomy":"post_tag","embeddable":true,"href":"https:\/\/www.carpinteria-aluminio.cat\/fr\/wp-json\/wp\/v2\/tags?post=68135"}],"curies":[{"name":"wp","href":"https:\/\/api.w.org\/{rel}","templated":true}]}}