{"id":74334,"date":"2025-11-01T09:06:58","date_gmt":"2025-11-01T08:06:58","guid":{"rendered":"https:\/\/www.carpinteria-aluminio.cat\/?p=74334"},"modified":"2025-11-01T09:06:59","modified_gmt":"2025-11-01T08:06:59","slug":"balcon-coulissant-a-deux-vantaux-avec-le-verre-climalit-4-10-4-de-la-serie-silver-70-straight-crossing","status":"publish","type":"post","link":"https:\/\/www.carpinteria-aluminio.cat\/fr\/balcon-coulissant-a-deux-vantaux-avec-le-verre-climalit-4-10-4-de-la-serie-silver-70-straight-crossing\/","title":{"rendered":"Balcon coulissant \u00e0 deux vantaux avec le verre Climalit 4-10-4 de la s\u00e9rie Silver 70 Straight Crossing"},"content":{"rendered":"\n<p>Balcon coulissant \u00e0 deux vantaux en verre Climalit 4-10-4 de la s\u00e9rie Silver 70 Straight Crossing en laqu\u00e9 blanc, avec doublure droite de 40 mm.<\/p>\n\n<p>Dimensions 2240 x 2060 mm.<\/p>\n\n<figure class=\"wp-block-gallery has-nested-images columns-default is-cropped wp-block-gallery-1 is-layout-flex wp-block-gallery-is-layout-flex\">\n<figure class=\"wp-block-image size-large\"><a href=\"https:\/\/www.carpinteria-aluminio.cat\/wp-content\/uploads\/2025\/10\/Imagen-de-WhatsApp-2025-10-31-a-las-10.40.43_4690a4f1-768x1024.jpg\"><img loading=\"lazy\" decoding=\"async\" width=\"768\" height=\"1024\" data-id=\"74312\" src=\"https:\/\/www.carpinteria-aluminio.cat\/wp-content\/uploads\/2025\/10\/Imagen-de-WhatsApp-2025-10-31-a-las-10.40.43_4690a4f1-768x1024.jpg\" alt=\"\" class=\"wp-image-74312\" srcset=\"https:\/\/www.carpinteria-aluminio.cat\/wp-content\/uploads\/2025\/10\/Imagen-de-WhatsApp-2025-10-31-a-las-10.40.43_4690a4f1-768x1024.jpg 768w, https:\/\/www.carpinteria-aluminio.cat\/wp-content\/uploads\/2025\/10\/Imagen-de-WhatsApp-2025-10-31-a-las-10.40.43_4690a4f1-225x300.jpg 225w, https:\/\/www.carpinteria-aluminio.cat\/wp-content\/uploads\/2025\/10\/Imagen-de-WhatsApp-2025-10-31-a-las-10.40.43_4690a4f1-1152x1536.jpg 1152w, https:\/\/www.carpinteria-aluminio.cat\/wp-content\/uploads\/2025\/10\/Imagen-de-WhatsApp-2025-10-31-a-las-10.40.43_4690a4f1-56x75.jpg 56w, https:\/\/www.carpinteria-aluminio.cat\/wp-content\/uploads\/2025\/10\/Imagen-de-WhatsApp-2025-10-31-a-las-10.40.43_4690a4f1-480x640.jpg 480w, https:\/\/www.carpinteria-aluminio.cat\/wp-content\/uploads\/2025\/10\/Imagen-de-WhatsApp-2025-10-31-a-las-10.40.43_4690a4f1.jpg 1530w\" sizes=\"auto, (max-width:767px) 480px, (max-width:768px) 100vw, 768px\" \/><\/a><\/figure>\n<\/figure>\n","protected":false},"excerpt":{"rendered":"<p>Balcon coulissant \u00e0 deux vantaux en verre Climalit 4-10-4 de la s\u00e9rie Silver 70 Straight Crossing en laqu\u00e9 blanc, avec doublure droite de 40 mm. Dimensions<span class=\"excerpt-hellip\"> [\u2026]<\/span><\/p>\n","protected":false},"author":2,"featured_media":74321,"comment_status":"closed","ping_status":"closed","sticky":false,"template":"","format":"standard","meta":{"_joinchat":[],"footnotes":""},"categories":[1263],"tags":[1284,1266,1287,1283,1282,1288,1286,1267,1285,1268],"class_list":["post-74334","post","type-post","status-publish","format-standard","has-post-thumbnail","hentry","category-travaux-realises","tag-aluminium-fr-2","tag-aluminium-fr","tag-balcon-fr","tag-barcelone","tag-boitier-en-aluminium-barcelone","tag-fenetre-en-aluminium","tag-finitions-des-profiles-en-aluminium","tag-laque","tag-les-fenetres","tag-verre"],"aioseo_notices":[],"_links":{"self":[{"href":"https:\/\/www.carpinteria-aluminio.cat\/fr\/wp-json\/wp\/v2\/posts\/74334","targetHints":{"allow":["GET"]}}],"collection":[{"href":"https:\/\/www.carpinteria-aluminio.cat\/fr\/wp-json\/wp\/v2\/posts"}],"about":[{"href":"https:\/\/www.carpinteria-aluminio.cat\/fr\/wp-json\/wp\/v2\/types\/post"}],"author":[{"embeddable":true,"href":"https:\/\/www.carpinteria-aluminio.cat\/fr\/wp-json\/wp\/v2\/users\/2"}],"replies":[{"embeddable":true,"href":"https:\/\/www.carpinteria-aluminio.cat\/fr\/wp-json\/wp\/v2\/comments?post=74334"}],"version-history":[{"count":2,"href":"https:\/\/www.carpinteria-aluminio.cat\/fr\/wp-json\/wp\/v2\/posts\/74334\/revisions"}],"predecessor-version":[{"id":74352,"href":"https:\/\/www.carpinteria-aluminio.cat\/fr\/wp-json\/wp\/v2\/posts\/74334\/revisions\/74352"}],"wp:featuredmedia":[{"embeddable":true,"href":"https:\/\/www.carpinteria-aluminio.cat\/fr\/wp-json\/wp\/v2\/media\/74321"}],"wp:attachment":[{"href":"https:\/\/www.carpinteria-aluminio.cat\/fr\/wp-json\/wp\/v2\/media?parent=74334"}],"wp:term":[{"taxonomy":"category","embeddable":true,"href":"https:\/\/www.carpinteria-aluminio.cat\/fr\/wp-json\/wp\/v2\/categories?post=74334"},{"taxonomy":"post_tag","embeddable":true,"href":"https:\/\/www.carpinteria-aluminio.cat\/fr\/wp-json\/wp\/v2\/tags?post=74334"}],"curies":[{"name":"wp","href":"https:\/\/api.w.org\/{rel}","templated":true}]}}