{"id":78382,"date":"2026-03-10T09:19:16","date_gmt":"2026-03-10T08:19:16","guid":{"rendered":"https:\/\/www.carpinteria-aluminio.cat\/?p=78382"},"modified":"2026-03-10T09:19:17","modified_gmt":"2026-03-10T08:19:17","slug":"balcon-coulissant-a-trois-battants-avec-double-vitrage-4-16-gaz-argon-4-plus-planitherm-4s-de-la-serie-silver-76-rpt-minimalist","status":"publish","type":"post","link":"https:\/\/www.carpinteria-aluminio.cat\/fr\/balcon-coulissant-a-trois-battants-avec-double-vitrage-4-16-gaz-argon-4-plus-planitherm-4s-de-la-serie-silver-76-rpt-minimalist\/","title":{"rendered":"Balcon coulissant \u00e0 trois battants avec double vitrage 4-16 gaz argon &#8211; 4 plus planitherm 4s de la s\u00e9rie Silver 76 RPT Minimalist"},"content":{"rendered":"\n<p>Balcon coulissant \u00e0 trois vantaux avec Climalit 4-16 gaz argon &#8211; 4 plus planitherm 4s, de la s\u00e9rie Silver 76 RPT Minimalist en laqu\u00e9 blanc.<\/p>\n\n<p>Dimensions 2090 x 1900 mm.<\/p>\n\n<figure class=\"wp-block-gallery has-nested-images columns-default is-cropped wp-block-gallery-1 is-layout-flex wp-block-gallery-is-layout-flex\">\n<figure class=\"wp-block-image size-large\"><a href=\"https:\/\/www.carpinteria-aluminio.cat\/wp-content\/uploads\/2026\/03\/WhatsApp-Image-2026-02-26-at-17.43.35-1.jpeg\"><img loading=\"lazy\" decoding=\"async\" width=\"768\" height=\"1024\" data-id=\"78367\" src=\"https:\/\/www.carpinteria-aluminio.cat\/wp-content\/uploads\/2026\/03\/WhatsApp-Image-2026-02-26-at-17.43.35-1-768x1024.jpeg\" alt=\"\" class=\"wp-image-78367\" srcset=\"https:\/\/www.carpinteria-aluminio.cat\/wp-content\/uploads\/2026\/03\/WhatsApp-Image-2026-02-26-at-17.43.35-1-768x1024.jpeg 768w, https:\/\/www.carpinteria-aluminio.cat\/wp-content\/uploads\/2026\/03\/WhatsApp-Image-2026-02-26-at-17.43.35-1-225x300.jpeg 225w, https:\/\/www.carpinteria-aluminio.cat\/wp-content\/uploads\/2026\/03\/WhatsApp-Image-2026-02-26-at-17.43.35-1-1152x1536.jpeg 1152w, https:\/\/www.carpinteria-aluminio.cat\/wp-content\/uploads\/2026\/03\/WhatsApp-Image-2026-02-26-at-17.43.35-1-56x75.jpeg 56w, https:\/\/www.carpinteria-aluminio.cat\/wp-content\/uploads\/2026\/03\/WhatsApp-Image-2026-02-26-at-17.43.35-1-480x640.jpeg 480w, https:\/\/www.carpinteria-aluminio.cat\/wp-content\/uploads\/2026\/03\/WhatsApp-Image-2026-02-26-at-17.43.35-1.jpeg 1530w\" sizes=\"auto, (max-width:767px) 480px, (max-width:768px) 100vw, 768px\" \/><\/a><\/figure>\n\n\n\n<figure class=\"wp-block-image size-large\"><a href=\"https:\/\/www.carpinteria-aluminio.cat\/wp-content\/uploads\/2026\/03\/WhatsApp-Image-2026-02-26-at-17.43.35-768x1024.jpeg\"><img loading=\"lazy\" decoding=\"async\" width=\"768\" height=\"1024\" data-id=\"78366\" src=\"https:\/\/www.carpinteria-aluminio.cat\/wp-content\/uploads\/2026\/03\/WhatsApp-Image-2026-02-26-at-17.43.35-768x1024.jpeg\" alt=\"\" class=\"wp-image-78366\" srcset=\"https:\/\/www.carpinteria-aluminio.cat\/wp-content\/uploads\/2026\/03\/WhatsApp-Image-2026-02-26-at-17.43.35-768x1024.jpeg 768w, https:\/\/www.carpinteria-aluminio.cat\/wp-content\/uploads\/2026\/03\/WhatsApp-Image-2026-02-26-at-17.43.35-225x300.jpeg 225w, https:\/\/www.carpinteria-aluminio.cat\/wp-content\/uploads\/2026\/03\/WhatsApp-Image-2026-02-26-at-17.43.35-1152x1536.jpeg 1152w, https:\/\/www.carpinteria-aluminio.cat\/wp-content\/uploads\/2026\/03\/WhatsApp-Image-2026-02-26-at-17.43.35-56x75.jpeg 56w, https:\/\/www.carpinteria-aluminio.cat\/wp-content\/uploads\/2026\/03\/WhatsApp-Image-2026-02-26-at-17.43.35-480x640.jpeg 480w, https:\/\/www.carpinteria-aluminio.cat\/wp-content\/uploads\/2026\/03\/WhatsApp-Image-2026-02-26-at-17.43.35.jpeg 1530w\" sizes=\"auto, (max-width:767px) 480px, (max-width:768px) 100vw, 768px\" \/><\/a><\/figure>\n\n\n\n<figure class=\"wp-block-image size-large\"><a href=\"https:\/\/www.carpinteria-aluminio.cat\/wp-content\/uploads\/2026\/03\/WhatsApp-Image-2026-02-26-at-17.43.31-768x1024.jpeg\"><img loading=\"lazy\" decoding=\"async\" width=\"768\" height=\"1024\" data-id=\"78368\" src=\"https:\/\/www.carpinteria-aluminio.cat\/wp-content\/uploads\/2026\/03\/WhatsApp-Image-2026-02-26-at-17.43.31-768x1024.jpeg\" alt=\"\" class=\"wp-image-78368\" srcset=\"https:\/\/www.carpinteria-aluminio.cat\/wp-content\/uploads\/2026\/03\/WhatsApp-Image-2026-02-26-at-17.43.31-768x1024.jpeg 768w, https:\/\/www.carpinteria-aluminio.cat\/wp-content\/uploads\/2026\/03\/WhatsApp-Image-2026-02-26-at-17.43.31-225x300.jpeg 225w, https:\/\/www.carpinteria-aluminio.cat\/wp-content\/uploads\/2026\/03\/WhatsApp-Image-2026-02-26-at-17.43.31-1152x1536.jpeg 1152w, https:\/\/www.carpinteria-aluminio.cat\/wp-content\/uploads\/2026\/03\/WhatsApp-Image-2026-02-26-at-17.43.31-56x75.jpeg 56w, https:\/\/www.carpinteria-aluminio.cat\/wp-content\/uploads\/2026\/03\/WhatsApp-Image-2026-02-26-at-17.43.31-480x640.jpeg 480w, https:\/\/www.carpinteria-aluminio.cat\/wp-content\/uploads\/2026\/03\/WhatsApp-Image-2026-02-26-at-17.43.31.jpeg 1530w\" sizes=\"auto, (max-width:767px) 480px, (max-width:768px) 100vw, 768px\" \/><\/a><\/figure>\n<\/figure>\n","protected":false},"excerpt":{"rendered":"<p>Balcon coulissant \u00e0 trois vantaux avec Climalit 4-16 gaz argon &#8211; 4 plus planitherm 4s, de la s\u00e9rie Silver 76 RPT Minimalist en laqu\u00e9 blanc. Dimensions<span class=\"excerpt-hellip\"> [\u2026]<\/span><\/p>\n","protected":false},"author":2,"featured_media":78373,"comment_status":"closed","ping_status":"closed","sticky":false,"template":"","format":"standard","meta":{"_joinchat":[],"footnotes":""},"categories":[1263],"tags":[1284,1266,1287,1283,1282,1288,1286,1267,1285,1268],"class_list":["post-78382","post","type-post","status-publish","format-standard","has-post-thumbnail","hentry","category-travaux-realises","tag-aluminium-fr-2","tag-aluminium-fr","tag-balcon-fr","tag-barcelone","tag-boitier-en-aluminium-barcelone","tag-fenetre-en-aluminium","tag-finitions-des-profiles-en-aluminium","tag-laque","tag-les-fenetres","tag-verre"],"aioseo_notices":[],"_links":{"self":[{"href":"https:\/\/www.carpinteria-aluminio.cat\/fr\/wp-json\/wp\/v2\/posts\/78382","targetHints":{"allow":["GET"]}}],"collection":[{"href":"https:\/\/www.carpinteria-aluminio.cat\/fr\/wp-json\/wp\/v2\/posts"}],"about":[{"href":"https:\/\/www.carpinteria-aluminio.cat\/fr\/wp-json\/wp\/v2\/types\/post"}],"author":[{"embeddable":true,"href":"https:\/\/www.carpinteria-aluminio.cat\/fr\/wp-json\/wp\/v2\/users\/2"}],"replies":[{"embeddable":true,"href":"https:\/\/www.carpinteria-aluminio.cat\/fr\/wp-json\/wp\/v2\/comments?post=78382"}],"version-history":[{"count":1,"href":"https:\/\/www.carpinteria-aluminio.cat\/fr\/wp-json\/wp\/v2\/posts\/78382\/revisions"}],"predecessor-version":[{"id":78383,"href":"https:\/\/www.carpinteria-aluminio.cat\/fr\/wp-json\/wp\/v2\/posts\/78382\/revisions\/78383"}],"wp:featuredmedia":[{"embeddable":true,"href":"https:\/\/www.carpinteria-aluminio.cat\/fr\/wp-json\/wp\/v2\/media\/78373"}],"wp:attachment":[{"href":"https:\/\/www.carpinteria-aluminio.cat\/fr\/wp-json\/wp\/v2\/media?parent=78382"}],"wp:term":[{"taxonomy":"category","embeddable":true,"href":"https:\/\/www.carpinteria-aluminio.cat\/fr\/wp-json\/wp\/v2\/categories?post=78382"},{"taxonomy":"post_tag","embeddable":true,"href":"https:\/\/www.carpinteria-aluminio.cat\/fr\/wp-json\/wp\/v2\/tags?post=78382"}],"curies":[{"name":"wp","href":"https:\/\/api.w.org\/{rel}","templated":true}]}}